{"id":7274,"date":"2020-10-23T17:27:55","date_gmt":"2020-10-23T22:27:55","guid":{"rendered":"https:\/\/encuentroinformativo.com.mx\/?p=7274"},"modified":"2020-10-23T17:27:57","modified_gmt":"2020-10-23T22:27:57","slug":"en-el-puerto-por-buen-fin-cerrarian-avenida-independencia","status":"publish","type":"post","link":"https:\/\/encuentroinformativo.com.mx\/?p=7274","title":{"rendered":"En el puerto, por &#8220;Buen Fin&#8221; cerrar\u00edan avenida Independencia"},"content":{"rendered":"\n<p><strong>Alejandro \u00c1vila<\/strong><\/p>\n\n\n\n<p>Veracruz, Ver.- El programa a nivel nacional para promover la econom\u00eda y aumentar las ventas en comercios, denominado &#8220;El Buen Fin&#8221;, mismo que se inici\u00f3 hace varios a\u00f1os, podr\u00eda tener un incentivo en Veracruz Puerto.<\/p>\n\n\n\n<p>El Ayuntamiento de Veracruz analiza el cerrar por completo la vialidad de la avenida Independecia, donde se agrupan decenas de comercios de diferentes rubros, a fin de incentivar a la ciudadan\u00eda a acudir a hacer sus compras con m\u00e1s espacio y calma.<\/p>\n\n\n\n<p>Este 2020 y tras la pandemia se decidi\u00f3 aumentar las fechas de &#8220;El Buen Fin&#8221; hasta 15 d\u00edas, tiempo donde los comercios generan descuentos en diversos productos con la finalidad de aumentar sus ventas.<\/p>\n\n\n\n<p>&#8220;Hasta que ellos quieran, si fuera toda la avenida Independencia es una posibilidad, pero insisto, depender\u00e1 de que ellos (los empresarios) quieran participar en ello&#8221;, dijo en entrevista el alcalde Fernando Yunes M\u00e1rquez.<\/p>\n\n\n\n<p>El edil panista expuso que se tomar\u00edan todas las medidas necesarias de sanidad, adem\u00e1s de una organizaci\u00f3n con la direcci\u00f3n de Tr\u00e1nsito para evitar conflictos de vialidad.<\/p>\n\n\n\n<p>&#8220;Pues no, al fin de cuentas el chiste es la peatonalizaci\u00f3n para que la gente tenga m\u00e1s espacio para caminar y tiempo para ver y se pueden estacionar en otros lugares&#8221;, asest\u00f3.<\/p>\n\n\n\n<p>Se tiene contemplado que en el tramo que es cerrado los fines de semana por Independencia Peatonal se coloquen macetas y no vallas met\u00e1licas como actualmente se hace.<\/p>\n","protected":false},"excerpt":{"rendered":"<p>Alejandro \u00c1vila Veracruz, Ver.- El programa a nivel nacional para promover la econom\u00eda y aumentar las ventas en comercios, denominado &#8220;El Buen Fin&#8221;, mismo que se inici\u00f3 hace varios a\u00f1os, podr\u00eda tener un incentivo en Veracruz Puerto. El Ayuntamiento de Veracruz analiza el cerrar por completo la vialidad de la avenida Independecia, donde se agrupan [&hellip;]<\/p>\n","protected":false},"author":1,"featured_media":7275,"comment_status":"open","ping_status":"open","sticky":false,"template":"","format":"standard","meta":{"_jetpack_memberships_contains_paid_content":false,"footnotes":""},"categories":[2],"tags":[],"class_list":["post-7274","post","type-post","status-publish","format-standard","has-post-thumbnail","hentry","category-estado"],"jetpack_featured_media_url":"https:\/\/encuentroinformativo.com.mx\/wp-content\/uploads\/2020\/10\/824871A5-F567-4AE8-9801-835834487E4A.jpeg","jetpack_sharing_enabled":true,"jetpack_likes_enabled":true,"amp_enabled":true,"_links":{"self":[{"href":"https:\/\/encuentroinformativo.com.mx\/index.php?rest_route=\/wp\/v2\/posts\/7274","targetHints":{"allow":["GET"]}}],"collection":[{"href":"https:\/\/encuentroinformativo.com.mx\/index.php?rest_route=\/wp\/v2\/posts"}],"about":[{"href":"https:\/\/encuentroinformativo.com.mx\/index.php?rest_route=\/wp\/v2\/types\/post"}],"author":[{"embeddable":true,"href":"https:\/\/encuentroinformativo.com.mx\/index.php?rest_route=\/wp\/v2\/users\/1"}],"replies":[{"embeddable":true,"href":"https:\/\/encuentroinformativo.com.mx\/index.php?rest_route=%2Fwp%2Fv2%2Fcomments&post=7274"}],"version-history":[{"count":1,"href":"https:\/\/encuentroinformativo.com.mx\/index.php?rest_route=\/wp\/v2\/posts\/7274\/revisions"}],"predecessor-version":[{"id":7276,"href":"https:\/\/encuentroinformativo.com.mx\/index.php?rest_route=\/wp\/v2\/posts\/7274\/revisions\/7276"}],"wp:featuredmedia":[{"embeddable":true,"href":"https:\/\/encuentroinformativo.com.mx\/index.php?rest_route=\/wp\/v2\/media\/7275"}],"wp:attachment":[{"href":"https:\/\/encuentroinformativo.com.mx\/index.php?rest_route=%2Fwp%2Fv2%2Fmedia&parent=7274"}],"wp:term":[{"taxonomy":"category","embeddable":true,"href":"https:\/\/encuentroinformativo.com.mx\/index.php?rest_route=%2Fwp%2Fv2%2Fcategories&post=7274"},{"taxonomy":"post_tag","embeddable":true,"href":"https:\/\/encuentroinformativo.com.mx\/index.php?rest_route=%2Fwp%2Fv2%2Ftags&post=7274"}],"curies":[{"name":"wp","href":"https:\/\/api.w.org\/{rel}","templated":true}]}}