{"id":72744,"date":"2025-11-13T12:06:57","date_gmt":"2025-11-13T18:06:57","guid":{"rendered":"https:\/\/encuentroinformativo.com.mx\/?p=72744"},"modified":"2025-11-13T12:06:57","modified_gmt":"2025-11-13T18:06:57","slug":"buscan-crear-dia-nacional-de-la-orquidea","status":"publish","type":"post","link":"https:\/\/encuentroinformativo.com.mx\/?p=72744","title":{"rendered":"Buscan crear D\u00eda Nacional de la Orqu\u00eddea"},"content":{"rendered":"<p><strong>Dar\u00edo Pale<\/strong><\/p>\n<p>Xalapa, Ver.- El Senado de la Rep\u00fablica aprob\u00f3 con 92 votos a favor la creaci\u00f3n del D\u00eda Nacional de la Orqu\u00eddea, que se celebrar\u00e1 oficialmente cada 21 de marzo, en reconocimiento al valor biol\u00f3gico, cultural y ornamental de esta flor, considerada una de las m\u00e1s representativas de la riqueza natural de M\u00e9xico.<\/p>\n<p>La propuesta fue presentada por el senador N\u00e9stor Camarillo Medina, pero su origen se remonta a Coatepec, Veracruz, donde el Museo de la Orqu\u00eddea \u201cDr. Isa\u00edas Contreras Ju\u00e1rez\u201d ha impulsado desde hace a\u00f1os la conservaci\u00f3n, investigaci\u00f3n y difusi\u00f3n de esta especie emblem\u00e1tica.<\/p>\n<p>El proyecto naci\u00f3 en 2024, cuando \u00d3scar Espino Contreras, entonces director del museo, promovi\u00f3 la primera iniciativa ante el Senado, con el respaldo del exsenador Ernesto P\u00e9rez Astorga. En la actual Legislatura, la propuesta fue retomada por la directora del museo, Sarah\u00ed Valdivia Espinoza, y por el propio Espino Contreras, logrando finalmente su aprobaci\u00f3n en las Comisiones Unidas de Desarrollo Rural y de Estudios Legislativos Segunda.<\/p>\n<p>A esta gesti\u00f3n se sumaron diversas organizaciones nacionales dedicadas a la protecci\u00f3n de las orqu\u00eddeas, como la Federaci\u00f3n Mexicana de Orquideolog\u00eda A.C., la Asociaci\u00f3n Jalisciense de Orquideolog\u00eda, el Club Orqu\u00eddeas de Tampico, la Fundaci\u00f3n Pedro y Elena A.C., la Alianza para la Protecci\u00f3n, Conservaci\u00f3n y Reproducci\u00f3n de las Orqu\u00eddeas Nacionales, la Sociedad Veracruzana de Caricaturistas y la Cooperativa Unidos Generando Crecimiento y Desarrollo para M\u00e9xico.<\/p>\n<p>Con esta declaratoria, M\u00e9xico reconoce a la orqu\u00eddea como un s\u00edmbolo nacional de biodiversidad, adem\u00e1s de fortalecer las acciones de conservaci\u00f3n, educaci\u00f3n ambiental y promoci\u00f3n tur\u00edstica en torno a esta flor, especialmente en Coatepec, municipio que hoy consolida su t\u00edtulo como la capital mexicana de las orqu\u00eddeas.<\/p>\n","protected":false},"excerpt":{"rendered":"<p>Dar\u00edo Pale Xalapa, Ver.- El Senado de la Rep\u00fablica aprob\u00f3 con 92 votos a favor la creaci\u00f3n del D\u00eda Nacional de la Orqu\u00eddea, que se celebrar\u00e1 oficialmente cada 21 de marzo, en reconocimiento al valor biol\u00f3gico, cultural y ornamental de esta flor, considerada una de las m\u00e1s representativas de la riqueza natural de M\u00e9xico. La [&hellip;]<\/p>\n","protected":false},"author":2476,"featured_media":72745,"comment_status":"open","ping_status":"open","sticky":false,"template":"","format":"standard","meta":{"_jetpack_memberships_contains_paid_content":false,"footnotes":""},"categories":[12],"tags":[],"class_list":["post-72744","post","type-post","status-publish","format-standard","has-post-thumbnail","hentry","category-nacional"],"jetpack_featured_media_url":"https:\/\/encuentroinformativo.com.mx\/wp-content\/uploads\/2025\/11\/IMG-20251113-WA01481.jpg","jetpack_sharing_enabled":true,"jetpack_likes_enabled":true,"amp_enabled":true,"_links":{"self":[{"href":"https:\/\/encuentroinformativo.com.mx\/index.php?rest_route=\/wp\/v2\/posts\/72744","targetHints":{"allow":["GET"]}}],"collection":[{"href":"https:\/\/encuentroinformativo.com.mx\/index.php?rest_route=\/wp\/v2\/posts"}],"about":[{"href":"https:\/\/encuentroinformativo.com.mx\/index.php?rest_route=\/wp\/v2\/types\/post"}],"author":[{"embeddable":true,"href":"https:\/\/encuentroinformativo.com.mx\/index.php?rest_route=\/wp\/v2\/users\/2476"}],"replies":[{"embeddable":true,"href":"https:\/\/encuentroinformativo.com.mx\/index.php?rest_route=%2Fwp%2Fv2%2Fcomments&post=72744"}],"version-history":[{"count":1,"href":"https:\/\/encuentroinformativo.com.mx\/index.php?rest_route=\/wp\/v2\/posts\/72744\/revisions"}],"predecessor-version":[{"id":72746,"href":"https:\/\/encuentroinformativo.com.mx\/index.php?rest_route=\/wp\/v2\/posts\/72744\/revisions\/72746"}],"wp:featuredmedia":[{"embeddable":true,"href":"https:\/\/encuentroinformativo.com.mx\/index.php?rest_route=\/wp\/v2\/media\/72745"}],"wp:attachment":[{"href":"https:\/\/encuentroinformativo.com.mx\/index.php?rest_route=%2Fwp%2Fv2%2Fmedia&parent=72744"}],"wp:term":[{"taxonomy":"category","embeddable":true,"href":"https:\/\/encuentroinformativo.com.mx\/index.php?rest_route=%2Fwp%2Fv2%2Fcategories&post=72744"},{"taxonomy":"post_tag","embeddable":true,"href":"https:\/\/encuentroinformativo.com.mx\/index.php?rest_route=%2Fwp%2Fv2%2Ftags&post=72744"}],"curies":[{"name":"wp","href":"https:\/\/api.w.org\/{rel}","templated":true}]}}