{"id":72747,"date":"2025-11-13T12:29:52","date_gmt":"2025-11-13T18:29:52","guid":{"rendered":"https:\/\/encuentroinformativo.com.mx\/?p=72747"},"modified":"2025-11-13T12:29:52","modified_gmt":"2025-11-13T18:29:52","slug":"fernanda-pumar-y-gael-santiago-son-virtuales-reyes-del-carnaval-de-veracruz-2026","status":"publish","type":"post","link":"https:\/\/encuentroinformativo.com.mx\/?p=72747","title":{"rendered":"Fernanda Pumar y Gael Santiago son virtuales Reyes del Carnaval de Veracruz 2026"},"content":{"rendered":"<p><strong>Alejandro \u00c1vila<\/strong><\/p>\n<p>Veracruz, Ver.- El Carnaval de Veracruz 2026 ya tiene a sus primeros soberanos: Fernanda Pumar G\u00f3mez, con distintivo blanco, se convirti\u00f3 en virtual reina electa con 137 mil 884 votos, y Gael Santiago Segura Rangel, con distintivo rojo, en virtual rey infantil electo con 54 mil 654 votos.<\/p>\n<p>El primer c\u00f3mputo se realiz\u00f3 frente a las oficinas del Comit\u00e9 del Carnaval, con la presencia de Daniel Mart\u00edn Lois, regidor Octavo con la Comisi\u00f3n de Turismo y Carnaval; Luis Vald\u00e9s Salamanca, presidente del Comit\u00e9 del Carnaval de Veracruz, as\u00ed como el notario p\u00fablico 52, Enrique Levet Rivera.<\/p>\n<p>Decenas de personas se congregaron luciendo los colores de los aspirantes, mientras las bastoneras deslumbraban con sus trajes vistosos al ritmo de la batucada, llenando el ambiente de alegr\u00eda y color.<\/p>\n<p>Resultados del primer c\u00f3mputo de aspirantes a la Corte Real:<\/p>\n<p>Virtual Reina electa:<br \/>\n\u2022 Fernanda Pumar G\u00f3mez \u2013 Distintivo Blanco: 137 mil 884 votos<\/p>\n<p>Virtual Rey infantil electo:<br \/>\n\u2022 Gael Santiago Segura Rangel \u2013 Distintivo Rojo: 54 mil 654 votos<\/p>\n<p>Candidatos que contin\u00faan en la contienda:<\/p>\n<p>Reina Infantil:<br \/>\n\u2022 Maryelli Sabela Torres Delgado \u2013 Distintivo Rosa: 55 mil 154 votos<br \/>\n\u2022 Regina Torrecilla Delgado \u2013 Distintivo Rojo: 54 mil 674 votos<\/p>\n<p>Rey de la Alegr\u00eda:<br \/>\n\u2022 Jos\u00e9 Mario S\u00e1nchez Ucha \u2013 Distintivo Blanco: 134 mil 884 votos<br \/>\n\u2022 Bernardino Jim\u00e9nez Revuelta \u201cNayo\u201d \u2013 Distintivo Dorado: 266 mil 184 votos<br \/>\n\u2022 Jorge Jair Torres Espejo \u201cChiliwily\u201d \u2013 Distintivo Amarillo: 135 mil 884 votos<\/p>\n<p>Todos los aspirantes, incluidos Fernanda y Gael, deber\u00e1n continuar cumpliendo con los actos y actividades establecidos en la convocatoria, manteniendo viva la emoci\u00f3n de esta gran fiesta.<\/p>\n<p>El proceso de elecci\u00f3n de la Corte Real del Carnaval de Veracruz 2026 continuar\u00e1 conforme a las bases, prepar\u00e1ndose para la celebraci\u00f3n m\u00e1s colorida y bulliciosa del pa\u00eds, cuya edici\u00f3n 102 se realizar\u00e1 del 10 al 18 de febrero.<\/p>\n","protected":false},"excerpt":{"rendered":"<p>Alejandro \u00c1vila Veracruz, Ver.- El Carnaval de Veracruz 2026 ya tiene a sus primeros soberanos: Fernanda Pumar G\u00f3mez, con distintivo blanco, se convirti\u00f3 en virtual reina electa con 137 mil 884 votos, y Gael Santiago Segura Rangel, con distintivo rojo, en virtual rey infantil electo con 54 mil 654 votos. El primer c\u00f3mputo se realiz\u00f3 [&hellip;]<\/p>\n","protected":false},"author":2476,"featured_media":72748,"comment_status":"open","ping_status":"open","sticky":false,"template":"","format":"standard","meta":{"_jetpack_memberships_contains_paid_content":false,"footnotes":""},"categories":[2],"tags":[],"class_list":["post-72747","post","type-post","status-publish","format-standard","has-post-thumbnail","hentry","category-estado"],"jetpack_featured_media_url":"https:\/\/encuentroinformativo.com.mx\/wp-content\/uploads\/2025\/11\/IMG-20251113-WA0169-scaled.jpg","jetpack_sharing_enabled":true,"jetpack_likes_enabled":true,"amp_enabled":true,"_links":{"self":[{"href":"https:\/\/encuentroinformativo.com.mx\/index.php?rest_route=\/wp\/v2\/posts\/72747","targetHints":{"allow":["GET"]}}],"collection":[{"href":"https:\/\/encuentroinformativo.com.mx\/index.php?rest_route=\/wp\/v2\/posts"}],"about":[{"href":"https:\/\/encuentroinformativo.com.mx\/index.php?rest_route=\/wp\/v2\/types\/post"}],"author":[{"embeddable":true,"href":"https:\/\/encuentroinformativo.com.mx\/index.php?rest_route=\/wp\/v2\/users\/2476"}],"replies":[{"embeddable":true,"href":"https:\/\/encuentroinformativo.com.mx\/index.php?rest_route=%2Fwp%2Fv2%2Fcomments&post=72747"}],"version-history":[{"count":1,"href":"https:\/\/encuentroinformativo.com.mx\/index.php?rest_route=\/wp\/v2\/posts\/72747\/revisions"}],"predecessor-version":[{"id":72749,"href":"https:\/\/encuentroinformativo.com.mx\/index.php?rest_route=\/wp\/v2\/posts\/72747\/revisions\/72749"}],"wp:featuredmedia":[{"embeddable":true,"href":"https:\/\/encuentroinformativo.com.mx\/index.php?rest_route=\/wp\/v2\/media\/72748"}],"wp:attachment":[{"href":"https:\/\/encuentroinformativo.com.mx\/index.php?rest_route=%2Fwp%2Fv2%2Fmedia&parent=72747"}],"wp:term":[{"taxonomy":"category","embeddable":true,"href":"https:\/\/encuentroinformativo.com.mx\/index.php?rest_route=%2Fwp%2Fv2%2Fcategories&post=72747"},{"taxonomy":"post_tag","embeddable":true,"href":"https:\/\/encuentroinformativo.com.mx\/index.php?rest_route=%2Fwp%2Fv2%2Ftags&post=72747"}],"curies":[{"name":"wp","href":"https:\/\/api.w.org\/{rel}","templated":true}]}}