{"id":72757,"date":"2025-11-13T15:00:51","date_gmt":"2025-11-13T21:00:51","guid":{"rendered":"https:\/\/encuentroinformativo.com.mx\/?p=72757"},"modified":"2025-11-13T15:00:51","modified_gmt":"2025-11-13T21:00:51","slug":"espera-ine-veracruz-autorizacion-de-presupuesto-para-2026","status":"publish","type":"post","link":"https:\/\/encuentroinformativo.com.mx\/?p=72757","title":{"rendered":"Espera INE Veracruz autorizaci\u00f3n de presupuesto para 2026"},"content":{"rendered":"<p><strong>Dar\u00edo Pale<\/strong><\/p>\n<p>Xalapa, Ver.- El vocal ejecutivo de la Junta Local del Instituto Nacional Electoral (INE) en Veracruz, Josu\u00e9 Cervantes Mart\u00ednez, inform\u00f3 que hasta el momento el organismo no ha recibido una comunicaci\u00f3n formal sobre el presupuesto aprobado para el ejercicio 2026, por lo que contin\u00faan a la espera de las definiciones a nivel central.<\/p>\n<p>Explic\u00f3 que, como cada a\u00f1o, las juntas locales y distritales del INE participan en la elaboraci\u00f3n del anteproyecto presupuestal, donde se estiman los recursos necesarios para el funcionamiento b\u00e1sico, que incluye renta de inmuebles, servicios, papeler\u00eda, mantenimiento y operaci\u00f3n administrativa.<\/p>\n<p>\u201cNosotros hacemos la estimaci\u00f3n de cu\u00e1nto requerir\u00edamos para nuestro presupuesto base de operaci\u00f3n, pero es en oficinas centrales donde se determina, una vez aprobado el presupuesto federal, cu\u00e1les ser\u00e1n los montos definitivos que se asignar\u00e1n a cada entidad\u201d, se\u00f1al\u00f3.<\/p>\n<p>Cervantes Mart\u00ednez subray\u00f3 que la prioridad es mantener la operatividad del instituto y garantizar la correcta planeaci\u00f3n de las actividades rumbo a los pr\u00f3ximos procesos electorales, sin que los ajustes presupuestales afecten los servicios que brinda el INE a la ciudadan\u00eda.<\/p>\n<p>En otro tema, el vocal ejecutivo dio a conocer que ya fue autorizada la contrataci\u00f3n de un nuevo inmueble para albergar las oficinas de la Junta Local Ejecutiva, el cual se encuentra ubicado en la calle Nuevo Le\u00f3n n\u00famero 87, a unas cuadras de la actual sede.<\/p>\n<p>El nuevo edificio permitir\u00e1 unificar todas las vocal\u00edas, incluida la del Registro Federal de Electores, en un mismo espacio. Esto, dijo, mejorar\u00e1 la coordinaci\u00f3n interna y generar\u00e1 mayor funcionalidad operativa, adem\u00e1s de representar un ahorro en el pago de arrendamiento.<\/p>\n<p>\u201cNos vamos a poder conjuntar todo el \u00f3rgano, tanto las cuatro vocal\u00edas que est\u00e1n en el inmueble donde nos encontramos actualmente, como la vocal\u00eda de registro. Este nuevo espacio nos da mayor funcionalidad y, adem\u00e1s, pagaremos un poco menos de renta\u201d, explic\u00f3.<\/p>\n<p>Aunque no precis\u00f3 la cifra exacta, Cervantes Mart\u00ednez estim\u00f3 que el ahorro mensual podr\u00eda ser de entre un 5 y 6 por ciento, lo que contribuir\u00e1 a una administraci\u00f3n m\u00e1s eficiente de los recursos.<\/p>\n<p>El funcionario detall\u00f3 que el proceso de mudanza inici\u00f3 a comienzos de noviembre y se prev\u00e9 concluir antes del 30 de este mes, fecha en la que deber\u00e1n quedar desocupadas las instalaciones actuales.<\/p>\n<p>\u201cYa algunas \u00e1reas comenzaron a mover su mobiliario y equipo de c\u00f3mputo; otras, como la Vocal\u00eda Ejecutiva, realizaremos el cambio entre hoy y ma\u00f1ana. Nos hemos dado todo el mes para completar el traslado\u201d, coment\u00f3.<\/p>\n<p>Asimismo, indic\u00f3 que la reubicaci\u00f3n no est\u00e1 relacionada con las manifestaciones que suelen pasar por la zona del actual edificio, y aclar\u00f3 que la decisi\u00f3n obedece \u00fanicamente a razones de espacio y crecimiento institucional.<\/p>\n<p>\u201cSomos respetuosos de las manifestaciones ciudadanas; incluso hemos dejado visibles por un tiempo las expresiones en las paredes del inmueble. El cambio responde a la necesidad de un espacio m\u00e1s amplio y funcional\u201d, a\u00f1adi\u00f3.<\/p>\n<p>Por \u00faltimo coment\u00f3 que con la nueva sede, el INE Veracruz busca mejorar sus condiciones de trabajo y atenci\u00f3n al p\u00fablico, al tiempo que espera la definici\u00f3n del presupuesto 2026, que marcar\u00e1 la pauta para la planeaci\u00f3n y el desarrollo de las actividades electorales del pr\u00f3ximo a\u00f1o.<\/p>\n","protected":false},"excerpt":{"rendered":"<p>Dar\u00edo Pale Xalapa, Ver.- El vocal ejecutivo de la Junta Local del Instituto Nacional Electoral (INE) en Veracruz, Josu\u00e9 Cervantes Mart\u00ednez, inform\u00f3 que hasta el momento el organismo no ha recibido una comunicaci\u00f3n formal sobre el presupuesto aprobado para el ejercicio 2026, por lo que contin\u00faan a la espera de las definiciones a nivel central. [&hellip;]<\/p>\n","protected":false},"author":2476,"featured_media":72758,"comment_status":"open","ping_status":"open","sticky":false,"template":"","format":"standard","meta":{"_jetpack_memberships_contains_paid_content":false,"footnotes":""},"categories":[2],"tags":[],"class_list":["post-72757","post","type-post","status-publish","format-standard","has-post-thumbnail","hentry","category-estado"],"jetpack_featured_media_url":"https:\/\/encuentroinformativo.com.mx\/wp-content\/uploads\/2025\/11\/IMG-20251113-WA0235.jpg","jetpack_sharing_enabled":true,"jetpack_likes_enabled":true,"amp_enabled":true,"_links":{"self":[{"href":"https:\/\/encuentroinformativo.com.mx\/index.php?rest_route=\/wp\/v2\/posts\/72757","targetHints":{"allow":["GET"]}}],"collection":[{"href":"https:\/\/encuentroinformativo.com.mx\/index.php?rest_route=\/wp\/v2\/posts"}],"about":[{"href":"https:\/\/encuentroinformativo.com.mx\/index.php?rest_route=\/wp\/v2\/types\/post"}],"author":[{"embeddable":true,"href":"https:\/\/encuentroinformativo.com.mx\/index.php?rest_route=\/wp\/v2\/users\/2476"}],"replies":[{"embeddable":true,"href":"https:\/\/encuentroinformativo.com.mx\/index.php?rest_route=%2Fwp%2Fv2%2Fcomments&post=72757"}],"version-history":[{"count":2,"href":"https:\/\/encuentroinformativo.com.mx\/index.php?rest_route=\/wp\/v2\/posts\/72757\/revisions"}],"predecessor-version":[{"id":72760,"href":"https:\/\/encuentroinformativo.com.mx\/index.php?rest_route=\/wp\/v2\/posts\/72757\/revisions\/72760"}],"wp:featuredmedia":[{"embeddable":true,"href":"https:\/\/encuentroinformativo.com.mx\/index.php?rest_route=\/wp\/v2\/media\/72758"}],"wp:attachment":[{"href":"https:\/\/encuentroinformativo.com.mx\/index.php?rest_route=%2Fwp%2Fv2%2Fmedia&parent=72757"}],"wp:term":[{"taxonomy":"category","embeddable":true,"href":"https:\/\/encuentroinformativo.com.mx\/index.php?rest_route=%2Fwp%2Fv2%2Fcategories&post=72757"},{"taxonomy":"post_tag","embeddable":true,"href":"https:\/\/encuentroinformativo.com.mx\/index.php?rest_route=%2Fwp%2Fv2%2Ftags&post=72757"}],"curies":[{"name":"wp","href":"https:\/\/api.w.org\/{rel}","templated":true}]}}