{"id":72764,"date":"2025-11-13T20:33:41","date_gmt":"2025-11-14T02:33:41","guid":{"rendered":"https:\/\/encuentroinformativo.com.mx\/?p=72764"},"modified":"2025-11-13T20:33:41","modified_gmt":"2025-11-14T02:33:41","slug":"alcaldes-del-verde-realizaran-transicion-pacifica-edgar-herrera","status":"publish","type":"post","link":"https:\/\/encuentroinformativo.com.mx\/?p=72764","title":{"rendered":"Alcaldes del Verde realizar\u00e1n transici\u00f3n pac\u00edfica: Edgar Herrera\u00a0"},"content":{"rendered":"<p><strong>Alejandro \u00c1vila<\/strong><\/p>\n<p>Veracruz, Ver.- Los alcaldes electos del Partido Verde Ecologista de M\u00e9xico (PVEM) en Veracruz har\u00e1n una transici\u00f3n pulcra y pac\u00edfica que d\u00e9 certeza a los ciudadanos que los eligieron.<\/p>\n<p>Lo anterior lo declar\u00f3 el dirigente estatal de dicho instituto pol\u00edtico, Edgar Herrera Lendechy, quien agreg\u00f3 que esto es lo que se les ha recomendado a los alcaldes y que en su momento, tras la transici\u00f3n, deben hacer las observaciones que sean necesarias.<\/p>\n<p>\u201cViene ya el pr\u00f3ximo 31 de diciembre el relevo de los Ayuntamientos y todos los alcaldes que traemos nosotros como partido, los hemos estado acompa\u00f1ando y les hemos hecho la recomendaci\u00f3n de que tienen que hacer una transici\u00f3n pulcra y pac\u00edfica\u201d, se\u00f1al\u00f3.<\/p>\n<p>A\u00f1adi\u00f3 que existen algunos municipios donde hay tensi\u00f3n, sobre todo en aquellos donde hay un cambio en el partido gobernante, no obstante llam\u00f3 a actuar de manera madura pol\u00edticamente.<\/p>\n<p>Por ello, dijo que como partido estar\u00e1n poniendo mucha atenci\u00f3n y apoyando a sus alcaldes para que, en donde haya rijosidad, se pueda dar una entrega recepci\u00f3n lo m\u00e1s tersa posible, como en el caso de algunos ayuntamientos que ya han tenido problemas.<\/p>\n","protected":false},"excerpt":{"rendered":"<p>Alejandro \u00c1vila Veracruz, Ver.- Los alcaldes electos del Partido Verde Ecologista de M\u00e9xico (PVEM) en Veracruz har\u00e1n una transici\u00f3n pulcra y pac\u00edfica que d\u00e9 certeza a los ciudadanos que los eligieron. Lo anterior lo declar\u00f3 el dirigente estatal de dicho instituto pol\u00edtico, Edgar Herrera Lendechy, quien agreg\u00f3 que esto es lo que se les ha [&hellip;]<\/p>\n","protected":false},"author":2476,"featured_media":72765,"comment_status":"open","ping_status":"open","sticky":false,"template":"","format":"standard","meta":{"_jetpack_memberships_contains_paid_content":false,"footnotes":""},"categories":[2],"tags":[],"class_list":["post-72764","post","type-post","status-publish","format-standard","has-post-thumbnail","hentry","category-estado"],"jetpack_featured_media_url":"https:\/\/encuentroinformativo.com.mx\/wp-content\/uploads\/2025\/11\/IMG-20251113-WA03972.jpg","jetpack_sharing_enabled":true,"jetpack_likes_enabled":true,"amp_enabled":true,"_links":{"self":[{"href":"https:\/\/encuentroinformativo.com.mx\/index.php?rest_route=\/wp\/v2\/posts\/72764","targetHints":{"allow":["GET"]}}],"collection":[{"href":"https:\/\/encuentroinformativo.com.mx\/index.php?rest_route=\/wp\/v2\/posts"}],"about":[{"href":"https:\/\/encuentroinformativo.com.mx\/index.php?rest_route=\/wp\/v2\/types\/post"}],"author":[{"embeddable":true,"href":"https:\/\/encuentroinformativo.com.mx\/index.php?rest_route=\/wp\/v2\/users\/2476"}],"replies":[{"embeddable":true,"href":"https:\/\/encuentroinformativo.com.mx\/index.php?rest_route=%2Fwp%2Fv2%2Fcomments&post=72764"}],"version-history":[{"count":1,"href":"https:\/\/encuentroinformativo.com.mx\/index.php?rest_route=\/wp\/v2\/posts\/72764\/revisions"}],"predecessor-version":[{"id":72766,"href":"https:\/\/encuentroinformativo.com.mx\/index.php?rest_route=\/wp\/v2\/posts\/72764\/revisions\/72766"}],"wp:featuredmedia":[{"embeddable":true,"href":"https:\/\/encuentroinformativo.com.mx\/index.php?rest_route=\/wp\/v2\/media\/72765"}],"wp:attachment":[{"href":"https:\/\/encuentroinformativo.com.mx\/index.php?rest_route=%2Fwp%2Fv2%2Fmedia&parent=72764"}],"wp:term":[{"taxonomy":"category","embeddable":true,"href":"https:\/\/encuentroinformativo.com.mx\/index.php?rest_route=%2Fwp%2Fv2%2Fcategories&post=72764"},{"taxonomy":"post_tag","embeddable":true,"href":"https:\/\/encuentroinformativo.com.mx\/index.php?rest_route=%2Fwp%2Fv2%2Ftags&post=72764"}],"curies":[{"name":"wp","href":"https:\/\/api.w.org\/{rel}","templated":true}]}}