{"id":72785,"date":"2025-11-14T13:50:03","date_gmt":"2025-11-14T19:50:03","guid":{"rendered":"https:\/\/encuentroinformativo.com.mx\/?p=72785"},"modified":"2025-11-14T13:50:03","modified_gmt":"2025-11-14T19:50:03","slug":"jarocha-crea-cartelera-cultural-virtual-de-veracruz-y-xalapa","status":"publish","type":"post","link":"https:\/\/encuentroinformativo.com.mx\/?p=72785","title":{"rendered":"Jarocha crea Cartelera Cultural Virtual de Veracruz y Xalapa"},"content":{"rendered":"<p><strong>Alejandro \u00c1vila<\/strong><\/p>\n<p>Veracruz, Ver.- Con tan solo 23 a\u00f1os, la flautista y a\u00fan estudiante de Gestor\u00eda Cultural por la Universidad de Guadalajara, Vanessa del \u00c1ngel Peniche, cre\u00f3 un proyecto escolar que ha alcanzado magnitudes insospechadas en la comunidad art\u00edstica de la entidad veracruzana.<\/p>\n<p>La joven nacida en el puerto de Veracruz inici\u00f3 con un proyecto de un bazar virtual durante la pandemia, posteriormente, tras su paso por Xalapa donde estudi\u00f3 m\u00fasica, comenz\u00f3 a adentrarse en el mundo cultural y decidi\u00f3 decidi\u00f3 crear Pececitos Veracruz.<\/p>\n<p>&#8220;Para entrarse es realmente muy dif\u00edcil porque uno no lo ve, los medios no le dan difusi\u00f3n o si le dan difusi\u00f3n realmente es muy escasa y muy poco llamativa, entonces de ah\u00ed sali\u00f3 mi necesidad realmente de crear Pececitos Veracruz, de una necesidad que yo ten\u00eda personalmente&#8221;, expres\u00f3 en entrevista.<\/p>\n<p>El trabajo fue extenuante pues, en un inicio de forma solitaria tuvo que indagar en p\u00e1ginas de gobierno, fanpage de centros culturales y publicaciones de grupos y artistas de la zona conocida como Primeros Pasos de Cort\u00e9s.<\/p>\n<p>&#8220;As\u00ed fue como realmente empez\u00f3 un Pececitos, y despu\u00e9s de ah\u00ed escarbando en las publicaciones de las p\u00e1ginas de gobierno, de los centros culturales, me fui encontrando con eventos me fui encontrando con talleres, pero sobre todo me fui encontrando con personas y con artistas muy valiosos que me han abierto sus puertas y me han acogido muy bonito y han confiado en mi trabajo. A partir de ah\u00ed fue como la misma gente iba viendo mi p\u00e1gina y se iba acercando a m\u00ed, oye puedes compartir mi evento puedes compartir pues tengo este taller, te invito a que te invito ac\u00e1, as\u00ed es como ha ido creciendo, y Pececitos Veracruz es una plataforma con varios proyectos&#8221;, subray\u00f3.<\/p>\n<p>La Cartelera Semanal Cultural de Pececitos Veracruz inicio para dar difusi\u00f3n a las actividades en Veracruz y Boca del R\u00edo, ahora ya se muestran eventos de Xalapa y Coatepec, posteriormente se ampliar\u00e1 a los municipios de Orizaba y C\u00f3rdoba.<\/p>\n<p>La cartelera sale cada mi\u00e9rcoles en la noche con los eventos del fin de semana correspondiente, de jueves a domingo. Adem\u00e1s, existe ya un Pecetorio Cultural Jarocho, el primer directorio cultural en la entidad con m\u00e1s de 200 perfiles registrados en 4 categorias.<\/p>\n","protected":false},"excerpt":{"rendered":"<p>Alejandro \u00c1vila Veracruz, Ver.- Con tan solo 23 a\u00f1os, la flautista y a\u00fan estudiante de Gestor\u00eda Cultural por la Universidad de Guadalajara, Vanessa del \u00c1ngel Peniche, cre\u00f3 un proyecto escolar que ha alcanzado magnitudes insospechadas en la comunidad art\u00edstica de la entidad veracruzana. La joven nacida en el puerto de Veracruz inici\u00f3 con un proyecto [&hellip;]<\/p>\n","protected":false},"author":2476,"featured_media":72786,"comment_status":"open","ping_status":"open","sticky":false,"template":"","format":"standard","meta":{"_jetpack_memberships_contains_paid_content":false,"footnotes":""},"categories":[2],"tags":[],"class_list":["post-72785","post","type-post","status-publish","format-standard","has-post-thumbnail","hentry","category-estado"],"jetpack_featured_media_url":"https:\/\/encuentroinformativo.com.mx\/wp-content\/uploads\/2025\/11\/IMG-20251114-WA01292.jpg","jetpack_sharing_enabled":true,"jetpack_likes_enabled":true,"amp_enabled":true,"_links":{"self":[{"href":"https:\/\/encuentroinformativo.com.mx\/index.php?rest_route=\/wp\/v2\/posts\/72785","targetHints":{"allow":["GET"]}}],"collection":[{"href":"https:\/\/encuentroinformativo.com.mx\/index.php?rest_route=\/wp\/v2\/posts"}],"about":[{"href":"https:\/\/encuentroinformativo.com.mx\/index.php?rest_route=\/wp\/v2\/types\/post"}],"author":[{"embeddable":true,"href":"https:\/\/encuentroinformativo.com.mx\/index.php?rest_route=\/wp\/v2\/users\/2476"}],"replies":[{"embeddable":true,"href":"https:\/\/encuentroinformativo.com.mx\/index.php?rest_route=%2Fwp%2Fv2%2Fcomments&post=72785"}],"version-history":[{"count":1,"href":"https:\/\/encuentroinformativo.com.mx\/index.php?rest_route=\/wp\/v2\/posts\/72785\/revisions"}],"predecessor-version":[{"id":72787,"href":"https:\/\/encuentroinformativo.com.mx\/index.php?rest_route=\/wp\/v2\/posts\/72785\/revisions\/72787"}],"wp:featuredmedia":[{"embeddable":true,"href":"https:\/\/encuentroinformativo.com.mx\/index.php?rest_route=\/wp\/v2\/media\/72786"}],"wp:attachment":[{"href":"https:\/\/encuentroinformativo.com.mx\/index.php?rest_route=%2Fwp%2Fv2%2Fmedia&parent=72785"}],"wp:term":[{"taxonomy":"category","embeddable":true,"href":"https:\/\/encuentroinformativo.com.mx\/index.php?rest_route=%2Fwp%2Fv2%2Fcategories&post=72785"},{"taxonomy":"post_tag","embeddable":true,"href":"https:\/\/encuentroinformativo.com.mx\/index.php?rest_route=%2Fwp%2Fv2%2Ftags&post=72785"}],"curies":[{"name":"wp","href":"https:\/\/api.w.org\/{rel}","templated":true}]}}