{"id":72799,"date":"2025-11-15T13:51:29","date_gmt":"2025-11-15T19:51:29","guid":{"rendered":"https:\/\/encuentroinformativo.com.mx\/?p=72799"},"modified":"2025-11-15T13:51:29","modified_gmt":"2025-11-15T19:51:29","slug":"se-quejan-alumnos-por-fallas-administrativas-en-la-upav","status":"publish","type":"post","link":"https:\/\/encuentroinformativo.com.mx\/?p=72799","title":{"rendered":"Se quejan alumnos por fallas administrativas en la UPAV"},"content":{"rendered":"<p><strong>Dar\u00edo Pale<\/strong><\/p>\n<p>Xalapa, Ver.- La Universidad Popular Aut\u00f3noma de Veracruz (UPAV) enfrenta una grave crisis administrativa luego de que, desde la noche del viernes, miles de alumnos aparecieron dados de baja en el sistema de control escolar, sin previo aviso y sin explicaci\u00f3n oficial.<\/p>\n<p>La situaci\u00f3n ha generado alarma entre estudiantes, asesores y directores, quienes temen que se hayan perdido los registros acad\u00e9micos y pagos correspondientes al a\u00f1o 2025, por lo cual decidieron manifestarse y bloquear la carretera Xalapa-Coatepec v\u00eda las trancas.<\/p>\n<p>El conflicto comenz\u00f3 con el retraso en los pagos a los asesores solidarios, quienes debieron recibir sus gratificaciones del cuatrimestre mayo\u2013agosto 2025 desde el 20 de septiembre. Sin embargo, para noviembre a\u00fan no hab\u00eda claridad. Cada asesor recibe 1,890 pesos por asignatura, un monto que no ha sido cubierto.<\/p>\n<p>Posteriormente fue destituido el rector Sergio Torres Mej\u00eda, lo que dio paso a reuniones con autoridades educativas y a un pliego petitorio presentado por directores de las sedes de C\u00f3rdoba, Orizaba, Nogales, R\u00edo Blanco y otras regiones. En esas mesas se prometi\u00f3 regularizar los pagos y abrir canales de di\u00e1logo.<\/p>\n<p>La gobernadora anunci\u00f3 despu\u00e9s que el nuevo rector ser\u00eda Ra\u00fal Rend\u00f3n Torres, quien tomar\u00eda posesi\u00f3n este 18 de noviembre, aunque los directores aseguran que nunca fueron convocados para conocerlo ni se les inform\u00f3 de manera oficial.<\/p>\n<p>Directores denunciaron tambi\u00e9n que el \u00e1rea administrativa modific\u00f3 el n\u00famero m\u00ednimo de estudiantes requerido para abrir generaciones: pas\u00f3 de 15 a 25 alumnos, sin fundamento en la Ley 276 que cre\u00f3 la UPAV. Este cambio habr\u00eda sido decidido desde el departamento de Inform\u00e1tica y habr\u00eda afectado tanto a bachilleratos como a licenciaturas.<\/p>\n<p>El viernes por la noche, estudiantes comenzaron a reportar que su historial de pagos \u2014incluyendo los realizados en tiempo y forma durante los periodos enero\u2013abril, mayo\u2013agosto y septiembre\u2013diciembre de 2025\u2014 hab\u00eda desaparecido del portal institucional.<\/p>\n<p>Horas m\u00e1s tarde, la situaci\u00f3n empeor\u00f3:<\/p>\n<p>Los alumnos ya no pudieron entrar a su portal.<\/p>\n<p>En la mayor\u00eda de las licenciaturas, los estudiantes aparecen como dados de baja.<\/p>\n<p>El sistema marca una advertencia: \u201cirregularidad administrativa\u201d.<\/p>\n<p>Los directivos explican que esta leyenda suele relacionarse con el no reconocimiento de pagos por parte del sistema, lo que hace temer que se hayan borrado los registros acad\u00e9micos completos del a\u00f1o 2025.<\/p>\n<p>Afectaci\u00f3n estatal: 58 mil alumnos y 5 mil docentes<\/p>\n<p>La UPAV cuenta con:<\/p>\n<p>58,000 estudiantes en niveles medio superior y superior.<\/p>\n<p>5,000 asesores y directores que laboran s\u00e1bados y domingos.<\/p>\n<p>Todos ellos podr\u00edan estar viendo comprometida su continuidad escolar debido a la ca\u00edda del sistema y las bajas masivas.<\/p>\n<p>La \u00fanica explicaci\u00f3n oficial: \u201cactualizaci\u00f3n del sistema\u201d<\/p>\n<p>Personal de la Torre 20 inform\u00f3 a directores que se trata solamente de una actualizaci\u00f3n del sistema, y pidieron mantener la calma.<\/p>\n<p>Sin embargo, directores con m\u00e1s de una d\u00e9cada en la instituci\u00f3n aseguran que jam\u00e1s una actualizaci\u00f3n hab\u00eda provocado la baja generalizada de alumnos ni la desaparici\u00f3n de recibos de pago.<\/p>\n<p>Adem\u00e1s, reportan cambios en logotipos, directorios y la interfaz del portal, lo que genera a\u00fan m\u00e1s incertidumbre.<\/p>\n<p>Incertidumbre total en la comunidad acad\u00e9mica<\/p>\n<p>Directores, asesores y alumnos permanecen a la espera de informaci\u00f3n clara sobre:<\/p>\n<p>La restauraci\u00f3n de los registros acad\u00e9micos.<\/p>\n<p>La reactivaci\u00f3n de los portales estudiantiles.<\/p>\n<p>La justificaci\u00f3n de las bajas masivas.<\/p>\n<p>El reconocimiento de los pagos realizados durante 2025.<\/p>\n<p>La comunidad universitaria coincide en que esta es una de las crisis m\u00e1s graves en la historia reciente de la UPAV, y temen que la transici\u00f3n en la rector\u00eda est\u00e9 profundizando los problemas administrativos.<\/p>\n","protected":false},"excerpt":{"rendered":"<p>Dar\u00edo Pale Xalapa, Ver.- La Universidad Popular Aut\u00f3noma de Veracruz (UPAV) enfrenta una grave crisis administrativa luego de que, desde la noche del viernes, miles de alumnos aparecieron dados de baja en el sistema de control escolar, sin previo aviso y sin explicaci\u00f3n oficial. La situaci\u00f3n ha generado alarma entre estudiantes, asesores y directores, quienes [&hellip;]<\/p>\n","protected":false},"author":2476,"featured_media":72800,"comment_status":"open","ping_status":"open","sticky":false,"template":"","format":"standard","meta":{"_jetpack_memberships_contains_paid_content":false,"footnotes":""},"categories":[2],"tags":[],"class_list":["post-72799","post","type-post","status-publish","format-standard","has-post-thumbnail","hentry","category-estado"],"jetpack_featured_media_url":"https:\/\/encuentroinformativo.com.mx\/wp-content\/uploads\/2025\/11\/IMG-20251115-WA0156.jpg","jetpack_sharing_enabled":true,"jetpack_likes_enabled":true,"amp_enabled":true,"_links":{"self":[{"href":"https:\/\/encuentroinformativo.com.mx\/index.php?rest_route=\/wp\/v2\/posts\/72799","targetHints":{"allow":["GET"]}}],"collection":[{"href":"https:\/\/encuentroinformativo.com.mx\/index.php?rest_route=\/wp\/v2\/posts"}],"about":[{"href":"https:\/\/encuentroinformativo.com.mx\/index.php?rest_route=\/wp\/v2\/types\/post"}],"author":[{"embeddable":true,"href":"https:\/\/encuentroinformativo.com.mx\/index.php?rest_route=\/wp\/v2\/users\/2476"}],"replies":[{"embeddable":true,"href":"https:\/\/encuentroinformativo.com.mx\/index.php?rest_route=%2Fwp%2Fv2%2Fcomments&post=72799"}],"version-history":[{"count":1,"href":"https:\/\/encuentroinformativo.com.mx\/index.php?rest_route=\/wp\/v2\/posts\/72799\/revisions"}],"predecessor-version":[{"id":72801,"href":"https:\/\/encuentroinformativo.com.mx\/index.php?rest_route=\/wp\/v2\/posts\/72799\/revisions\/72801"}],"wp:featuredmedia":[{"embeddable":true,"href":"https:\/\/encuentroinformativo.com.mx\/index.php?rest_route=\/wp\/v2\/media\/72800"}],"wp:attachment":[{"href":"https:\/\/encuentroinformativo.com.mx\/index.php?rest_route=%2Fwp%2Fv2%2Fmedia&parent=72799"}],"wp:term":[{"taxonomy":"category","embeddable":true,"href":"https:\/\/encuentroinformativo.com.mx\/index.php?rest_route=%2Fwp%2Fv2%2Fcategories&post=72799"},{"taxonomy":"post_tag","embeddable":true,"href":"https:\/\/encuentroinformativo.com.mx\/index.php?rest_route=%2Fwp%2Fv2%2Ftags&post=72799"}],"curies":[{"name":"wp","href":"https:\/\/api.w.org\/{rel}","templated":true}]}}