{"id":72837,"date":"2025-11-17T12:15:57","date_gmt":"2025-11-17T18:15:57","guid":{"rendered":"https:\/\/encuentroinformativo.com.mx\/?p=72837"},"modified":"2025-11-17T12:15:57","modified_gmt":"2025-11-17T18:15:57","slug":"realizaran-caminata-en-el-dia-nacional-de-las-personas-sordas","status":"publish","type":"post","link":"https:\/\/encuentroinformativo.com.mx\/?p=72837","title":{"rendered":"Realizar\u00e1n caminata en el D\u00eda Nacional de las Personas Sordas"},"content":{"rendered":"<p><strong>Dar\u00edo Pale<\/strong><\/p>\n<p>Xalapa, Ver.- Integrantes de la comunidad sorda de Veracruz anunciaron la realizaci\u00f3n de una caminata este 28 de noviembre, en el marco del D\u00eda Nacional de las Personas Sordas, con el prop\u00f3sito de visibilizar la falta de garant\u00edas a sus derechos humanos, la ausencia de pol\u00edticas p\u00fablicas incluyentes y la urgente necesidad de acceso a la informaci\u00f3n y a la educaci\u00f3n biling\u00fce intercultural.<\/p>\n<p>A\u00edda X\u00f3chitl Caracas Bravo, int\u00e9rprete y mediadora de Lengua de Se\u00f1as Mexicana (LSM), enfatiz\u00f3 que este evento surge desde la propia comunidad sorda bajo el principio \u201cNada de nosotros sin nosotros\u201d, destacando que por primera vez la organizaci\u00f3n est\u00e1 encabezada por l\u00edderes sordas del estado.<\/p>\n<p>Caracas Bravo, quien tambi\u00e9n forma parte de la comunidad sorda como familiar de un ni\u00f1o Sordo, agradeci\u00f3 la presencia de Jos\u00e9 Silva, presidente del Cabildo Juvenil de Xalapa, as\u00ed como de la Mtra. Esperanza Rivera Jim\u00e9nez, int\u00e9rprete e investigadora de LSM en la Universidad Veracruzana. Tambi\u00e9n acompa\u00f1aron las l\u00edderes sordas Monserrat Morales y Guadalupe Platas, reconocidas por su trabajo de promoci\u00f3n ling\u00fc\u00edstica y social dentro de la comunidad.<\/p>\n<p>Durante el pronunciamiento, las participantes se\u00f1alaron que, a pesar de que hace 20 a\u00f1os la Lengua de Se\u00f1as Mexicana fue reconocida como Patrimonio Ling\u00fc\u00edstico de M\u00e9xico, la comunidad sorda sigue sin acceso pleno a derechos fundamentales, incluyendo educaci\u00f3n de calidad, informaci\u00f3n accesible, servicios p\u00fablicos, int\u00e9rpretes en contextos oficiales y oportunidades laborales.<\/p>\n<p>\u201cNo existe garant\u00eda de nuestros derechos humanos. No tenemos acceso a la informaci\u00f3n y seguimos enfrentando discriminaci\u00f3n en todos los contextos\u201d, se\u00f1alaron las l\u00edderes sordas al ser entrevistadas.<\/p>\n<p>Afirmaron que la falta de int\u00e9rpretes certificados y la ausencia de inclusi\u00f3n real en instituciones gubernamentales y educativas se traduce en barreras constantes: desde tr\u00e1mites b\u00e1sicos hasta procesos legales, atenci\u00f3n m\u00e9dica y educaci\u00f3n formal.<\/p>\n<p>Uno de los temas m\u00e1s reiterados fue la situaci\u00f3n de las infancias sordas. Las voceras se\u00f1alaron que ni\u00f1as y ni\u00f1os siguen sin recibir una educaci\u00f3n biling\u00fce intercultural que respete la LSM como lengua materna, lo que provoca rezago acad\u00e9mico y dificultades en la comprensi\u00f3n lectora.<\/p>\n<p>\u201cLos ni\u00f1os solo copian palabras en espa\u00f1ol, pero no est\u00e1n aprendiendo. No comprenden lo que leen porque no hay ense\u00f1anza estructurada desde su lengua materna. La SEP debe atender esta urgencia\u201d, expres\u00f3 una de las l\u00edderes sordas.<\/p>\n<p>A\u00f1adieron que la falta de programas educativos basados en LSM afecta tambi\u00e9n a personas adultas sordas, muchas de las cuales apenas est\u00e1n adquiriendo lectura y escritura sin un acompa\u00f1amiento adecuado.<\/p>\n<p>Las participantes denunciaron que no existe inclusi\u00f3n laboral real, pues las empresas y dependencias p\u00fablicas no cuentan con pol\u00edticas para integrar a personas sordas, y la mayor\u00eda de las veces ni siquiera se dan a la tarea de aprender la LSM o contratar int\u00e9rpretes.<\/p>\n<p>Asimismo, mencionaron que, aun cuando hay normativas que establecen la obligaci\u00f3n de int\u00e9rpretes en procesos legales o servicios p\u00fablicos, generalmente la comunidad debe buscar y costear estos servicios, situaci\u00f3n que consideran injusta y contraria a sus derechos.<\/p>\n<p>La comunidad sorda invit\u00f3 a la poblaci\u00f3n en general, familias, docentes, int\u00e9rpretes y aliados a participar en la caminata conmemorativa del D\u00eda Nacional de las Personas Sordas, que se realizar\u00e1:<\/p>\n<p>Fecha: 28 de noviembre<\/p>\n<p>Hora: 16:00 horas<\/p>\n<p>Salida: Teatro del Estado, Xalapa<\/p>\n<p>El objetivo es exigir la creaci\u00f3n y actualizaci\u00f3n de pol\u00edticas p\u00fablicas que partan de la cosmovisi\u00f3n sorda, respeten su lengua materna y garanticen inclusi\u00f3n social, educativa y laboral.<\/p>\n<p>\u201cNecesitamos que el gobierno municipal, estatal y federal nos vea, nos escuche -aunque no oigamos- y act\u00fae\u201d, concluy\u00f3 Caracas Bravo.<\/p>\n<p>&nbsp;<\/p>\n","protected":false},"excerpt":{"rendered":"<p>Dar\u00edo Pale Xalapa, Ver.- Integrantes de la comunidad sorda de Veracruz anunciaron la realizaci\u00f3n de una caminata este 28 de noviembre, en el marco del D\u00eda Nacional de las Personas Sordas, con el prop\u00f3sito de visibilizar la falta de garant\u00edas a sus derechos humanos, la ausencia de pol\u00edticas p\u00fablicas incluyentes y la urgente necesidad de [&hellip;]<\/p>\n","protected":false},"author":2476,"featured_media":72838,"comment_status":"open","ping_status":"open","sticky":false,"template":"","format":"standard","meta":{"_jetpack_memberships_contains_paid_content":false,"footnotes":""},"categories":[3],"tags":[],"class_list":["post-72837","post","type-post","status-publish","format-standard","has-post-thumbnail","hentry","category-xalapa"],"jetpack_featured_media_url":"https:\/\/encuentroinformativo.com.mx\/wp-content\/uploads\/2025\/11\/IMG-20251117-WA0090.jpg","jetpack_sharing_enabled":true,"jetpack_likes_enabled":true,"amp_enabled":true,"_links":{"self":[{"href":"https:\/\/encuentroinformativo.com.mx\/index.php?rest_route=\/wp\/v2\/posts\/72837","targetHints":{"allow":["GET"]}}],"collection":[{"href":"https:\/\/encuentroinformativo.com.mx\/index.php?rest_route=\/wp\/v2\/posts"}],"about":[{"href":"https:\/\/encuentroinformativo.com.mx\/index.php?rest_route=\/wp\/v2\/types\/post"}],"author":[{"embeddable":true,"href":"https:\/\/encuentroinformativo.com.mx\/index.php?rest_route=\/wp\/v2\/users\/2476"}],"replies":[{"embeddable":true,"href":"https:\/\/encuentroinformativo.com.mx\/index.php?rest_route=%2Fwp%2Fv2%2Fcomments&post=72837"}],"version-history":[{"count":1,"href":"https:\/\/encuentroinformativo.com.mx\/index.php?rest_route=\/wp\/v2\/posts\/72837\/revisions"}],"predecessor-version":[{"id":72839,"href":"https:\/\/encuentroinformativo.com.mx\/index.php?rest_route=\/wp\/v2\/posts\/72837\/revisions\/72839"}],"wp:featuredmedia":[{"embeddable":true,"href":"https:\/\/encuentroinformativo.com.mx\/index.php?rest_route=\/wp\/v2\/media\/72838"}],"wp:attachment":[{"href":"https:\/\/encuentroinformativo.com.mx\/index.php?rest_route=%2Fwp%2Fv2%2Fmedia&parent=72837"}],"wp:term":[{"taxonomy":"category","embeddable":true,"href":"https:\/\/encuentroinformativo.com.mx\/index.php?rest_route=%2Fwp%2Fv2%2Fcategories&post=72837"},{"taxonomy":"post_tag","embeddable":true,"href":"https:\/\/encuentroinformativo.com.mx\/index.php?rest_route=%2Fwp%2Fv2%2Ftags&post=72837"}],"curies":[{"name":"wp","href":"https:\/\/api.w.org\/{rel}","templated":true}]}}