{"id":72844,"date":"2025-11-17T15:43:55","date_gmt":"2025-11-17T21:43:55","guid":{"rendered":"https:\/\/encuentroinformativo.com.mx\/?p=72844"},"modified":"2025-11-17T15:43:55","modified_gmt":"2025-11-17T21:43:55","slug":"miles-de-veracruzanos-y-turistas-disfrutaron-del-primer-papaqui-del-carnaval-de-veracruz-2026","status":"publish","type":"post","link":"https:\/\/encuentroinformativo.com.mx\/?p=72844","title":{"rendered":"Miles de veracruzanos y turistas disfrutaron del primer papaqui del Carnaval de Veracruz 2026"},"content":{"rendered":"<p><strong>* La alcaldesa electa, Rosa Mar\u00eda Hern\u00e1ndez Espejo, acompa\u00f1\u00f3 a las familias en esta celebraci\u00f3n que llen\u00f3 de alegr\u00eda, colores y m\u00fasica el bulevar.<\/strong><\/p>\n<p>Veracruz, Ver.- Miles de personas, entre porte\u00f1os y turistas, disfrutaron este domingo del primer Papaqui del Carnaval de Veracruz 2026, que llen\u00f3 de color, m\u00fasica y entusiasmo el bulevar Manuel \u00c1vila Camacho, como preludio de la fiesta m\u00e1s alegre del mundo.<\/p>\n<p>Con la presencia de la alcaldesa electa de Veracruz, Rosa Mar\u00eda Hern\u00e1ndez Espejo, quien convivi\u00f3 con las familias asistentes, el recorrido avanz\u00f3 entre aplausos, m\u00fasica y un ambiente de celebraci\u00f3n que marc\u00f3 el regreso de esta tradicional actividad tan esperada por la ciudadan\u00eda.<\/p>\n<p>El papaqui reuni\u00f3 a talentosos miembros de academias de baile, comparsas tradicionales y batucadas que llenaron de ritmo el bulevar. Tambi\u00e9n desfilaron las y los candidatos a la Corte Real 2026, junto a la Reina Electa, Fernanda Pumar, y al Rey Infantil Electo, Gael Santiago, quienes saludaron a la ciudadan\u00eda desde un vistoso carro aleg\u00f3rico.<\/p>\n<p>Las bastoneras de diversas academias tambi\u00e9n se sumaron a este recorrido de fiesta, mostrando su gracia, energ\u00eda y coreograf\u00edas que contagiaron al p\u00fablico que se reuni\u00f3 para disfrutar del espect\u00e1culo.<\/p>\n<p>El contingente parti\u00f3 del Hotel Mar y Tierra y avanz\u00f3 por el bulevar Manuel \u00c1vila Camacho hasta concluir frente a la Escuela N\u00e1utica Mercante, en un recorrido donde la alegr\u00eda, el baile y la tradici\u00f3n marcaron el inicio oficial de la edici\u00f3n 102 de la fiesta, que se realizar\u00e1 del 10 al 18 de febrero.<\/p>\n<p>La jornada culmin\u00f3 en la Plaza del Magisterio con un gran cierre musical a cargo de Mario Polo y \u00d3scar Lobo, quienes pusieron a bailar a todos los asistentes y coronaron una tarde llena de color, m\u00fasica y diversi\u00f3n familiar.<\/p>\n<p><img loading=\"lazy\" decoding=\"async\" class=\"aligncenter size-medium wp-image-72846\" src=\"https:\/\/encuentroinformativo.com.mx\/wp-content\/uploads\/2025\/11\/IMG-20251117-WA0208-300x200.jpg\" alt=\"\" width=\"300\" height=\"200\" srcset=\"https:\/\/encuentroinformativo.com.mx\/wp-content\/uploads\/2025\/11\/IMG-20251117-WA0208-300x200.jpg 300w, https:\/\/encuentroinformativo.com.mx\/wp-content\/uploads\/2025\/11\/IMG-20251117-WA0208-1024x682.jpg 1024w, https:\/\/encuentroinformativo.com.mx\/wp-content\/uploads\/2025\/11\/IMG-20251117-WA0208-768x511.jpg 768w, https:\/\/encuentroinformativo.com.mx\/wp-content\/uploads\/2025\/11\/IMG-20251117-WA0208.jpg 1280w\" sizes=\"auto, (max-width: 300px) 100vw, 300px\" \/><\/p>\n","protected":false},"excerpt":{"rendered":"<p>* La alcaldesa electa, Rosa Mar\u00eda Hern\u00e1ndez Espejo, acompa\u00f1\u00f3 a las familias en esta celebraci\u00f3n que llen\u00f3 de alegr\u00eda, colores y m\u00fasica el bulevar. Veracruz, Ver.- Miles de personas, entre porte\u00f1os y turistas, disfrutaron este domingo del primer Papaqui del Carnaval de Veracruz 2026, que llen\u00f3 de color, m\u00fasica y entusiasmo el bulevar Manuel \u00c1vila [&hellip;]<\/p>\n","protected":false},"author":2476,"featured_media":72845,"comment_status":"open","ping_status":"open","sticky":false,"template":"","format":"standard","meta":{"_jetpack_memberships_contains_paid_content":false,"footnotes":""},"categories":[2],"tags":[],"class_list":["post-72844","post","type-post","status-publish","format-standard","has-post-thumbnail","hentry","category-estado"],"jetpack_featured_media_url":"https:\/\/encuentroinformativo.com.mx\/wp-content\/uploads\/2025\/11\/IMG-20251117-WA0209.jpg","jetpack_sharing_enabled":true,"jetpack_likes_enabled":true,"amp_enabled":true,"_links":{"self":[{"href":"https:\/\/encuentroinformativo.com.mx\/index.php?rest_route=\/wp\/v2\/posts\/72844","targetHints":{"allow":["GET"]}}],"collection":[{"href":"https:\/\/encuentroinformativo.com.mx\/index.php?rest_route=\/wp\/v2\/posts"}],"about":[{"href":"https:\/\/encuentroinformativo.com.mx\/index.php?rest_route=\/wp\/v2\/types\/post"}],"author":[{"embeddable":true,"href":"https:\/\/encuentroinformativo.com.mx\/index.php?rest_route=\/wp\/v2\/users\/2476"}],"replies":[{"embeddable":true,"href":"https:\/\/encuentroinformativo.com.mx\/index.php?rest_route=%2Fwp%2Fv2%2Fcomments&post=72844"}],"version-history":[{"count":1,"href":"https:\/\/encuentroinformativo.com.mx\/index.php?rest_route=\/wp\/v2\/posts\/72844\/revisions"}],"predecessor-version":[{"id":72847,"href":"https:\/\/encuentroinformativo.com.mx\/index.php?rest_route=\/wp\/v2\/posts\/72844\/revisions\/72847"}],"wp:featuredmedia":[{"embeddable":true,"href":"https:\/\/encuentroinformativo.com.mx\/index.php?rest_route=\/wp\/v2\/media\/72845"}],"wp:attachment":[{"href":"https:\/\/encuentroinformativo.com.mx\/index.php?rest_route=%2Fwp%2Fv2%2Fmedia&parent=72844"}],"wp:term":[{"taxonomy":"category","embeddable":true,"href":"https:\/\/encuentroinformativo.com.mx\/index.php?rest_route=%2Fwp%2Fv2%2Fcategories&post=72844"},{"taxonomy":"post_tag","embeddable":true,"href":"https:\/\/encuentroinformativo.com.mx\/index.php?rest_route=%2Fwp%2Fv2%2Ftags&post=72844"}],"curies":[{"name":"wp","href":"https:\/\/api.w.org\/{rel}","templated":true}]}}