{"id":72851,"date":"2025-11-17T16:10:00","date_gmt":"2025-11-17T22:10:00","guid":{"rendered":"https:\/\/encuentroinformativo.com.mx\/?p=72851"},"modified":"2025-11-17T16:10:00","modified_gmt":"2025-11-17T22:10:00","slug":"preparan-musicos-festejos-en-honor-a-santa-cecilia","status":"publish","type":"post","link":"https:\/\/encuentroinformativo.com.mx\/?p=72851","title":{"rendered":"Preparan m\u00fasicos festejos en honor a Santa Cecilia"},"content":{"rendered":"<p><strong>Dar\u00edo Pale<\/strong><\/p>\n<p>Xalapa, Ver.- Integrantes del Sindicato de Filarm\u00f3nicos Similares y Anexos del Estado de Veracruz anunciaron la celebraci\u00f3n del D\u00eda del M\u00fasico en honor a Santa Cecilia, patrona de los m\u00fasicos, este 21 de noviembre en Xalapa.<\/p>\n<p>El festejo incluye actividades religiosas, homenajes y un amplio programa musical con agrupaciones locales y de otros municipios.<\/p>\n<p>El secretario general del sindicato, Jos\u00e9 Luis Ram\u00edrez Reyes, dio la bienvenida a los medios y destac\u00f3 que esta festividad es muy significativa para el gremio, pues adem\u00e1s de celebrar la tradici\u00f3n, representa un espacio de uni\u00f3n, reconocimiento y reactivaci\u00f3n tras los a\u00f1os dif\u00edciles causados por la pandemia.<\/p>\n<p>El comit\u00e9 organizador inform\u00f3 que la jornada iniciar\u00e1 a las 4:30 de la tarde en la Catedral Metropolitana de Xalapa, donde los m\u00fasicos interpretar\u00e1n las ma\u00f1anitas a Santa Cecilia. Posteriormente, se llevar\u00e1 a cabo una misa de acci\u00f3n de gracias.<\/p>\n<p>A partir de las 7:00 de la noche, en el Sal\u00f3n El Caracol, se presentar\u00e1 un cartel musical compuesto por distintas agrupaciones, entre ellas:<\/p>\n<p>La Bohemia, grupo encargado de abrir el evento<\/p>\n<p>Los Kechus<\/p>\n<p>Chicos Malos, en su reaparici\u00f3n<\/p>\n<p>Tropical\u00edsimos Compadres<\/p>\n<p>Los Piratas del Tr\u00f3pico<\/p>\n<p>Amistad Latina<\/p>\n<p>Coyotes Clan<\/p>\n<p>Aliados de la Cumbia<\/p>\n<p>Toy Kandela, entre otros<\/p>\n<p>La entrada ser\u00e1 totalmente gratuita, por lo que invitaron al p\u00fablico general, familias y m\u00fasicos de todo el estado.<\/p>\n<p>Presentan a la futura Reina de los M\u00fasicos<\/p>\n<p>Durante la conferencia fue presentada Elizabeth Chinvejas, quien ser\u00e1 coronada como Reina de los M\u00fasicos 2024, tradici\u00f3n que reconoce a representantes del gremio art\u00edstico. Chinvejas, cantante e hija de Salvador S\u00e1nchez \u2014m\u00fasico del grupo Los Piratas del Tr\u00f3pico\u2014 expres\u00f3 su orgullo por provenir de una familia dedicada a la m\u00fasica y por encabezar esta celebraci\u00f3n.<\/p>\n<p>Tambi\u00e9n se anunci\u00f3 que el m\u00fasico Aten Mart\u00ed recibir\u00e1 un reconocimiento por sus 50 a\u00f1os de carrera art\u00edstica, distinci\u00f3n otorgada por la organizaci\u00f3n y por sus compa\u00f1eros m\u00fasicos.<\/p>\n<p>M\u00fasicos reportan recuperaci\u00f3n del 70\u201380 por ciento tras crisis del COVID-19<\/p>\n<p>Al ser cuestionado sobre el estado actual del gremio, Jos\u00e9 Luis Ram\u00edrez Reyes explic\u00f3 que los m\u00fasicos veracruzanos comienzan a recuperarse de la crisis econ\u00f3mica que dej\u00f3 la pandemia.<\/p>\n<p>\u201cEl COVID casi nos demoli\u00f3, muchos compa\u00f1eros fallecieron y la reactivaci\u00f3n tard\u00f3, pero hoy podemos hablar de una recuperaci\u00f3n del 70 al 80%\u201d, afirm\u00f3.<\/p>\n<p>Se\u00f1al\u00f3 que poco a poco han regresado los eventos sociales, celebraciones y contrataciones, permitiendo que el talento local vuelva a tener presencia en salones y recintos del estado.<\/p>\n<p>Sobre las deudas que quedaron pendientes en sexenios pasados, como durante la administraci\u00f3n del exgobernador Javier Duarte, Ram\u00edrez Reyes asegur\u00f3 que los adeudos con los m\u00fasicos afiliados al sindicato fueron cubiertos en su totalidad.<\/p>\n<p>Proyectos en desarrollo: \u201cVoces de mi Pueblo, enlazados por la paz\u201d<\/p>\n<p>El dirigente sindical adelant\u00f3 que se encuentran en di\u00e1logo con autoridades de distintos niveles para presentar un proyecto musical, cultural y comunitario denominado \u201cVoces de mi Pueblo, enlazados por la paz\u201d, el cual est\u00e1 desarrollado en un 90%.<\/p>\n<p>El objetivo \u2014explic\u00f3\u2014 es rescatar el talento an\u00f3nimo que existe en Veracruz y promover la integraci\u00f3n social a trav\u00e9s de la m\u00fasica, en un contexto donde persisten problemas sociales y falta de oportunidades.<\/p>\n<p>\u201cLa m\u00fasica es universal y es unidad\u201d, subray\u00f3, a\u00f1adiendo que el sindicato mantiene una postura abierta a todas las agrupaciones y m\u00fasicos interesados en sumarse.<\/p>\n<p>El comit\u00e9 organizador reiter\u00f3 la invitaci\u00f3n para acudir al festejo este 21 de noviembre en el Sal\u00f3n El Caracol:<\/p>\n<p>4:30 p.m. \u2013 Ma\u00f1anitas en la Catedral Metropolitana<\/p>\n<p>5:00 p.m. \u2013 Misa en honor a Santa Cecilia<\/p>\n<p>7:00 p.m. \u2013 Presentaci\u00f3n de grupos musicales (entrada gratuita)<\/p>\n<p>\u201cQueremos que el p\u00fablico disfrute de la m\u00fasica viva, porque en Veracruz hay mucho talento\u201d, concluy\u00f3 Jos\u00e9 Luis Ram\u00edrez Reyes, agradeciendo la presencia de los medios.<\/p>\n","protected":false},"excerpt":{"rendered":"<p>Dar\u00edo Pale Xalapa, Ver.- Integrantes del Sindicato de Filarm\u00f3nicos Similares y Anexos del Estado de Veracruz anunciaron la celebraci\u00f3n del D\u00eda del M\u00fasico en honor a Santa Cecilia, patrona de los m\u00fasicos, este 21 de noviembre en Xalapa. El festejo incluye actividades religiosas, homenajes y un amplio programa musical con agrupaciones locales y de otros [&hellip;]<\/p>\n","protected":false},"author":2476,"featured_media":72852,"comment_status":"open","ping_status":"open","sticky":false,"template":"","format":"standard","meta":{"_jetpack_memberships_contains_paid_content":false,"footnotes":""},"categories":[3],"tags":[],"class_list":["post-72851","post","type-post","status-publish","format-standard","has-post-thumbnail","hentry","category-xalapa"],"jetpack_featured_media_url":"https:\/\/encuentroinformativo.com.mx\/wp-content\/uploads\/2025\/11\/IMG-20251117-WA0154.jpg","jetpack_sharing_enabled":true,"jetpack_likes_enabled":true,"amp_enabled":true,"_links":{"self":[{"href":"https:\/\/encuentroinformativo.com.mx\/index.php?rest_route=\/wp\/v2\/posts\/72851","targetHints":{"allow":["GET"]}}],"collection":[{"href":"https:\/\/encuentroinformativo.com.mx\/index.php?rest_route=\/wp\/v2\/posts"}],"about":[{"href":"https:\/\/encuentroinformativo.com.mx\/index.php?rest_route=\/wp\/v2\/types\/post"}],"author":[{"embeddable":true,"href":"https:\/\/encuentroinformativo.com.mx\/index.php?rest_route=\/wp\/v2\/users\/2476"}],"replies":[{"embeddable":true,"href":"https:\/\/encuentroinformativo.com.mx\/index.php?rest_route=%2Fwp%2Fv2%2Fcomments&post=72851"}],"version-history":[{"count":1,"href":"https:\/\/encuentroinformativo.com.mx\/index.php?rest_route=\/wp\/v2\/posts\/72851\/revisions"}],"predecessor-version":[{"id":72853,"href":"https:\/\/encuentroinformativo.com.mx\/index.php?rest_route=\/wp\/v2\/posts\/72851\/revisions\/72853"}],"wp:featuredmedia":[{"embeddable":true,"href":"https:\/\/encuentroinformativo.com.mx\/index.php?rest_route=\/wp\/v2\/media\/72852"}],"wp:attachment":[{"href":"https:\/\/encuentroinformativo.com.mx\/index.php?rest_route=%2Fwp%2Fv2%2Fmedia&parent=72851"}],"wp:term":[{"taxonomy":"category","embeddable":true,"href":"https:\/\/encuentroinformativo.com.mx\/index.php?rest_route=%2Fwp%2Fv2%2Fcategories&post=72851"},{"taxonomy":"post_tag","embeddable":true,"href":"https:\/\/encuentroinformativo.com.mx\/index.php?rest_route=%2Fwp%2Fv2%2Ftags&post=72851"}],"curies":[{"name":"wp","href":"https:\/\/api.w.org\/{rel}","templated":true}]}}