{"id":72854,"date":"2025-11-17T16:19:22","date_gmt":"2025-11-17T22:19:22","guid":{"rendered":"https:\/\/encuentroinformativo.com.mx\/?p=72854"},"modified":"2025-11-17T16:19:22","modified_gmt":"2025-11-17T22:19:22","slug":"reportan-desabasto-de-gas-en-colonias-xalapenas","status":"publish","type":"post","link":"https:\/\/encuentroinformativo.com.mx\/?p=72854","title":{"rendered":"Reportan desabasto de gas en colonias xalape\u00f1as"},"content":{"rendered":"<p><strong>Dar\u00edo Pale<\/strong><\/p>\n<p>Xalapa, Ver.- En pleno arranque de la temporada invernal, este lunes se registr\u00f3 un notable desabasto de gas LP en la capital veracruzana. En la colonia 21 de Marzo, usuarios formaron largas filas en la planta de una gasera para poder llenar sus tanques, ante la falta de servicio a domicilio por parte de las camionetas distribuidoras.<\/p>\n<p>De acuerdo con testimonios, el suministro est\u00e1 limitado, lo que ha provocado que la poblaci\u00f3n acuda directamente a los puntos de abastecimiento.<\/p>\n<p>La situaci\u00f3n ocurre en un contexto nacional complejo. La Asociaci\u00f3n Mexicana de Gas LP (Amexgas) anunci\u00f3 un periodo de racionamiento del hidrocarburo que afectar\u00e1 durante al menos dos semanas a cinco entidades, entre ellas Veracruz, considerada pieza clave en la log\u00edstica energ\u00e9tica del pa\u00eds.<\/p>\n<p>La restricci\u00f3n llega en un momento cr\u00edtico: la temporada de frentes fr\u00edos incrementa la demanda de gas LP, un insumo del que dependen el 76 por ciento de las familias mexicanas para cocinar y calentar agua.<\/p>\n<p>No obstante, pese a la alerta del sector distribuidor, Petr\u00f3leos Mexicanos (Pemex) difundi\u00f3 un comunicado afirmando que cuenta con inventario suficiente para cubrir la demanda en Veracruz, Puebla, Tlaxcala, Estado de M\u00e9xico y Ciudad de M\u00e9xico.<\/p>\n<p>Mientras tanto, en Xalapa las filas contin\u00faan, reflejando la incertidumbre de los usuarios frente a un abastecimiento que parece no ser suficiente para la demanda actual.<\/p>\n","protected":false},"excerpt":{"rendered":"<p>Dar\u00edo Pale Xalapa, Ver.- En pleno arranque de la temporada invernal, este lunes se registr\u00f3 un notable desabasto de gas LP en la capital veracruzana. En la colonia 21 de Marzo, usuarios formaron largas filas en la planta de una gasera para poder llenar sus tanques, ante la falta de servicio a domicilio por parte [&hellip;]<\/p>\n","protected":false},"author":2476,"featured_media":72855,"comment_status":"open","ping_status":"open","sticky":false,"template":"","format":"standard","meta":{"_jetpack_memberships_contains_paid_content":false,"footnotes":""},"categories":[3],"tags":[],"class_list":["post-72854","post","type-post","status-publish","format-standard","has-post-thumbnail","hentry","category-xalapa"],"jetpack_featured_media_url":"https:\/\/encuentroinformativo.com.mx\/wp-content\/uploads\/2025\/11\/IMG-20251117-WA0201-scaled.jpg","jetpack_sharing_enabled":true,"jetpack_likes_enabled":true,"amp_enabled":true,"_links":{"self":[{"href":"https:\/\/encuentroinformativo.com.mx\/index.php?rest_route=\/wp\/v2\/posts\/72854","targetHints":{"allow":["GET"]}}],"collection":[{"href":"https:\/\/encuentroinformativo.com.mx\/index.php?rest_route=\/wp\/v2\/posts"}],"about":[{"href":"https:\/\/encuentroinformativo.com.mx\/index.php?rest_route=\/wp\/v2\/types\/post"}],"author":[{"embeddable":true,"href":"https:\/\/encuentroinformativo.com.mx\/index.php?rest_route=\/wp\/v2\/users\/2476"}],"replies":[{"embeddable":true,"href":"https:\/\/encuentroinformativo.com.mx\/index.php?rest_route=%2Fwp%2Fv2%2Fcomments&post=72854"}],"version-history":[{"count":1,"href":"https:\/\/encuentroinformativo.com.mx\/index.php?rest_route=\/wp\/v2\/posts\/72854\/revisions"}],"predecessor-version":[{"id":72856,"href":"https:\/\/encuentroinformativo.com.mx\/index.php?rest_route=\/wp\/v2\/posts\/72854\/revisions\/72856"}],"wp:featuredmedia":[{"embeddable":true,"href":"https:\/\/encuentroinformativo.com.mx\/index.php?rest_route=\/wp\/v2\/media\/72855"}],"wp:attachment":[{"href":"https:\/\/encuentroinformativo.com.mx\/index.php?rest_route=%2Fwp%2Fv2%2Fmedia&parent=72854"}],"wp:term":[{"taxonomy":"category","embeddable":true,"href":"https:\/\/encuentroinformativo.com.mx\/index.php?rest_route=%2Fwp%2Fv2%2Fcategories&post=72854"},{"taxonomy":"post_tag","embeddable":true,"href":"https:\/\/encuentroinformativo.com.mx\/index.php?rest_route=%2Fwp%2Fv2%2Ftags&post=72854"}],"curies":[{"name":"wp","href":"https:\/\/api.w.org\/{rel}","templated":true}]}}