{"id":72861,"date":"2025-11-18T11:09:13","date_gmt":"2025-11-18T17:09:13","guid":{"rendered":"https:\/\/encuentroinformativo.com.mx\/?p=72861"},"modified":"2025-11-18T11:09:13","modified_gmt":"2025-11-18T17:09:13","slug":"reconoce-alberto-islas-trabajo-del-primer-ano-del-gobierno-estatal","status":"publish","type":"post","link":"https:\/\/encuentroinformativo.com.mx\/?p=72861","title":{"rendered":"Reconoce Alberto Islas trabajo del primer a\u00f1o del gobierno estatal"},"content":{"rendered":"<p><strong>Dar\u00edo Pale<\/strong><\/p>\n<p>Xalapa, Ver.- El alcalde de Xalapa, Alberto Islas Reyes, reconoci\u00f3 el trabajo realizado por el Gobierno estatal durante su primer a\u00f1o de administraci\u00f3n, luego de la entrega del Informe de Gobierno y de cara a las comparecencias que los secretarios rendir\u00e1n ante el Congreso local este mes. Asegur\u00f3 que los veracruzanos esperan resultados positivos y mayor claridad sobre los avances alcanzados en materia de pol\u00edtica interior y gesti\u00f3n p\u00fablica.<\/p>\n<p>El edil se\u00f1al\u00f3 que este primer informe reflej\u00f3 \u201cla mano de la gobernadora\u201d, destacando que la administraci\u00f3n estatal ha mostrado un estilo propio basado en la cercan\u00eda con la gente, el orden y una visi\u00f3n m\u00e1s humanitaria.<\/p>\n<p>Tambi\u00e9n resalt\u00f3 que recientemente el gobierno estatal anunci\u00f3 abonos importantes a la deuda p\u00fablica de Veracruz, lo cual \u2014dijo\u2014 genera mejores condiciones para invertir en obra p\u00fablica y servicios.<\/p>\n<p>El alcalde confirm\u00f3 que su informe municipal se realizar\u00e1 el 10 de diciembre, a las 11 de la ma\u00f1ana, en el patio central del Palacio Municipal, donde dar\u00e1 cuenta del avance administrativo y del proceso de entrega-recepci\u00f3n.<\/p>\n<p>Afirm\u00f3 que los servicios municipales contin\u00faan operando con normalidad y que la administraci\u00f3n terminar\u00e1 trabajando \u201chasta el \u00faltimo d\u00eda\u201d, es decir, hasta el 31 de diciembre.<\/p>\n<p>Islas Reyes anunci\u00f3 que el 26 de noviembre se instalar\u00e1n m\u00f3dulos informativos en el frente y centro del Parque Ju\u00e1rez, donde los directores municipales explicar\u00e1n directamente a la ciudadan\u00eda las acciones realizadas durante el a\u00f1o.<\/p>\n<p>\u201cEs un ejercicio in\u00e9dito; nadie se hab\u00eda atrevido a hacerlo\u201d, dijo, al considerar que es mejor que los directores interact\u00faen con la comunidad en lugar de limitarse a asistir al informe del alcalde.<\/p>\n<p>El presidente municipal inform\u00f3 que la administraci\u00f3n construy\u00f3 ocho colectores pluviales y sanitarios, adem\u00e1s de diversas obras de gran tama\u00f1o que \u2014aunque no siempre visibles\u2014 fortalecen la infraestructura de colonias y circuitos completos.<\/p>\n<p>Tambi\u00e9n destac\u00f3 avances en la conducci\u00f3n de agua desde los pozos perforados en El Castillo, as\u00ed como el muro de contenci\u00f3n en esa misma zona.<\/p>\n<p>Sobre el relleno sanitario, confirm\u00f3 que se encuentra en proceso de concluir la construcci\u00f3n de la sexta celda, la cual ser\u00e1 cubierta con membrana especial y tendr\u00e1 capacidad para recibir alrededor de 70 toneladas diarias durante los pr\u00f3ximos tres a tres a\u00f1os y medio. La obra quedar\u00e1 lista este mes de noviembre.<\/p>\n<p>Asegur\u00f3 que Xalapa quedar\u00e1 preparada para enfrentar los pr\u00f3ximos a\u00f1os sin problemas graves en la recolecci\u00f3n y confinamiento de residuos.<\/p>\n<p>El alcalde detall\u00f3 que, desde la inauguraci\u00f3n del relleno sanitario hace casi 20 a\u00f1os, el volumen de residuos diarios aument\u00f3 de 8 a 65 toneladas.<\/p>\n<p>Record\u00f3 que en 2005, cuando trabaj\u00f3 con Ricardo Ahued en el Ayuntamiento, inici\u00f3 la operaci\u00f3n del actual relleno; hoy, el crecimiento poblacional de 840 mil habitantes exige nuevas estrategias de disposici\u00f3n final.<\/p>\n<p>Confirm\u00f3 que otros municipios no depositan su basura en Xalapa, debido a que existen espacios regionales m\u00e1s accesibles.<\/p>\n<p>Islas Reyes inform\u00f3 que ya se solicit\u00f3 al INSUS determinar si los terrenos colindantes con el relleno \u2014ocho hect\u00e1reas\u2014 pueden ser adquiridos para destinarlos a remediaci\u00f3n ecol\u00f3gica, no para seguir ampliando el confinamiento sanitario.<\/p>\n<p>En este a\u00f1o, el Ayuntamiento adquiri\u00f3 tres terrenos adicionales en Barranca Onda, Cholostla y el predio Owen, donde se realizan labores de reforestaci\u00f3n.<\/p>\n<p>Explic\u00f3 que la remediaci\u00f3n ecol\u00f3gica consiste en crear grandes \u00e1reas verdes protegidas que permitan mejorar la calidad del aire y favorecer la infiltraci\u00f3n natural del agua en los suelos.<\/p>\n<p>Finalmente, el alcalde confirm\u00f3 que ya invit\u00f3 formalmente a la gobernadora a asistir a su informe de gobierno y expres\u00f3 su deseo de contar con su presencia.<\/p>\n","protected":false},"excerpt":{"rendered":"<p>Dar\u00edo Pale Xalapa, Ver.- El alcalde de Xalapa, Alberto Islas Reyes, reconoci\u00f3 el trabajo realizado por el Gobierno estatal durante su primer a\u00f1o de administraci\u00f3n, luego de la entrega del Informe de Gobierno y de cara a las comparecencias que los secretarios rendir\u00e1n ante el Congreso local este mes. Asegur\u00f3 que los veracruzanos esperan resultados [&hellip;]<\/p>\n","protected":false},"author":2476,"featured_media":72862,"comment_status":"open","ping_status":"open","sticky":false,"template":"","format":"standard","meta":{"_jetpack_memberships_contains_paid_content":false,"footnotes":""},"categories":[3],"tags":[],"class_list":["post-72861","post","type-post","status-publish","format-standard","has-post-thumbnail","hentry","category-xalapa"],"jetpack_featured_media_url":"https:\/\/encuentroinformativo.com.mx\/wp-content\/uploads\/2025\/11\/IMG-20251118-WA0099.jpg","jetpack_sharing_enabled":true,"jetpack_likes_enabled":true,"amp_enabled":true,"_links":{"self":[{"href":"https:\/\/encuentroinformativo.com.mx\/index.php?rest_route=\/wp\/v2\/posts\/72861","targetHints":{"allow":["GET"]}}],"collection":[{"href":"https:\/\/encuentroinformativo.com.mx\/index.php?rest_route=\/wp\/v2\/posts"}],"about":[{"href":"https:\/\/encuentroinformativo.com.mx\/index.php?rest_route=\/wp\/v2\/types\/post"}],"author":[{"embeddable":true,"href":"https:\/\/encuentroinformativo.com.mx\/index.php?rest_route=\/wp\/v2\/users\/2476"}],"replies":[{"embeddable":true,"href":"https:\/\/encuentroinformativo.com.mx\/index.php?rest_route=%2Fwp%2Fv2%2Fcomments&post=72861"}],"version-history":[{"count":1,"href":"https:\/\/encuentroinformativo.com.mx\/index.php?rest_route=\/wp\/v2\/posts\/72861\/revisions"}],"predecessor-version":[{"id":72863,"href":"https:\/\/encuentroinformativo.com.mx\/index.php?rest_route=\/wp\/v2\/posts\/72861\/revisions\/72863"}],"wp:featuredmedia":[{"embeddable":true,"href":"https:\/\/encuentroinformativo.com.mx\/index.php?rest_route=\/wp\/v2\/media\/72862"}],"wp:attachment":[{"href":"https:\/\/encuentroinformativo.com.mx\/index.php?rest_route=%2Fwp%2Fv2%2Fmedia&parent=72861"}],"wp:term":[{"taxonomy":"category","embeddable":true,"href":"https:\/\/encuentroinformativo.com.mx\/index.php?rest_route=%2Fwp%2Fv2%2Fcategories&post=72861"},{"taxonomy":"post_tag","embeddable":true,"href":"https:\/\/encuentroinformativo.com.mx\/index.php?rest_route=%2Fwp%2Fv2%2Ftags&post=72861"}],"curies":[{"name":"wp","href":"https:\/\/api.w.org\/{rel}","templated":true}]}}