{"id":72868,"date":"2025-11-18T13:17:35","date_gmt":"2025-11-18T19:17:35","guid":{"rendered":"https:\/\/encuentroinformativo.com.mx\/?p=72868"},"modified":"2025-11-18T13:17:35","modified_gmt":"2025-11-18T19:17:35","slug":"veracruz-mantiene-gobernabilidad-pozos-castro","status":"publish","type":"post","link":"https:\/\/encuentroinformativo.com.mx\/?p=72868","title":{"rendered":"Veracruz mantiene gobernabilidad: Pozos Castro"},"content":{"rendered":"<p><strong>Dar\u00edo Pale<\/strong><\/p>\n<p>Xalapa, Ver.- El subsecretario de Gobierno, Jos\u00e9 Manuel Pozos Castro, asegur\u00f3 que Veracruz mantiene plena gobernabilidad a pesar de que el \u00faltimo a\u00f1o ha estado marcado por numerosas manifestaciones y movilizaciones sociales.<\/p>\n<p>Se\u00f1al\u00f3 que el respeto al derecho a la protesta y la apertura al di\u00e1logo han sido constantes en la administraci\u00f3n estatal.<\/p>\n<p>Pozos Castro particip\u00f3 en el inicio del an\u00e1lisis de la glosa del Informe de Gobierno de la mandataria estatal y destac\u00f3 los resultados obtenidos por las distintas dependencias, particularmente la Secretar\u00eda de Gobierno.<\/p>\n<p>El funcionario confirm\u00f3 que el informe presencial de la gobernadora se llevar\u00e1 a cabo el 30 de noviembre en Plaza Lerdo, donde se dar\u00e1n a conocer los avances del primer a\u00f1o de gobierno.<\/p>\n<p>Cuestionado sobre el elevado n\u00famero de protestas registradas en la entidad en 2024, Pozos Castro afirm\u00f3 que: &#8220;Todas las expresiones ciudadanas han sido respetadas, se ha garantizado el derecho constitucional a manifestarse, y se ha brindado apertura a todos los grupos que se han movilizado&#8221;.<\/p>\n<p>\u201cDefinitivamente ha sido un a\u00f1o bastante movido en temas de movilizaci\u00f3n, pero se ha respetado el derecho de las ciudadanas y ciudadanos a manifestarse\u201d, afirm\u00f3.<\/p>\n<p>El subsecretario rechaz\u00f3 que las movilizaciones representen un problema de gobernabilidad, \u201cindiscutiblemente hay gobernabilidad en Veracruz, eso no tiene ninguna duda\u201d, expres\u00f3.<\/p>\n<p>Asegur\u00f3 que la Secretar\u00eda de Gobierno mantiene atenci\u00f3n permanente a las demandas sociales y que se ha escuchado y atendido a todos los grupos que han protestado en la entidad.<\/p>\n<p>Pozos Castro afirm\u00f3 que las diversas movilizaciones representan llamados de la sociedad hacia las instituciones para mejorar la acci\u00f3n gubernamental.<\/p>\n<p>\u201cEs un llamado de la sociedad a acciones de gobierno, y en eso estamos: muy atentos\u201d, coment\u00f3.<\/p>\n<p>Finalmente a\u00f1adi\u00f3 que todas las problem\u00e1ticas presentadas por los manifestantes han sido atendidas de manera puntual.<\/p>\n","protected":false},"excerpt":{"rendered":"<p>Dar\u00edo Pale Xalapa, Ver.- El subsecretario de Gobierno, Jos\u00e9 Manuel Pozos Castro, asegur\u00f3 que Veracruz mantiene plena gobernabilidad a pesar de que el \u00faltimo a\u00f1o ha estado marcado por numerosas manifestaciones y movilizaciones sociales. Se\u00f1al\u00f3 que el respeto al derecho a la protesta y la apertura al di\u00e1logo han sido constantes en la administraci\u00f3n estatal. [&hellip;]<\/p>\n","protected":false},"author":2476,"featured_media":72869,"comment_status":"open","ping_status":"open","sticky":false,"template":"","format":"standard","meta":{"_jetpack_memberships_contains_paid_content":false,"footnotes":""},"categories":[2],"tags":[],"class_list":["post-72868","post","type-post","status-publish","format-standard","has-post-thumbnail","hentry","category-estado"],"jetpack_featured_media_url":"https:\/\/encuentroinformativo.com.mx\/wp-content\/uploads\/2025\/11\/IMG-20251118-WA0135.jpg","jetpack_sharing_enabled":true,"jetpack_likes_enabled":true,"amp_enabled":true,"_links":{"self":[{"href":"https:\/\/encuentroinformativo.com.mx\/index.php?rest_route=\/wp\/v2\/posts\/72868","targetHints":{"allow":["GET"]}}],"collection":[{"href":"https:\/\/encuentroinformativo.com.mx\/index.php?rest_route=\/wp\/v2\/posts"}],"about":[{"href":"https:\/\/encuentroinformativo.com.mx\/index.php?rest_route=\/wp\/v2\/types\/post"}],"author":[{"embeddable":true,"href":"https:\/\/encuentroinformativo.com.mx\/index.php?rest_route=\/wp\/v2\/users\/2476"}],"replies":[{"embeddable":true,"href":"https:\/\/encuentroinformativo.com.mx\/index.php?rest_route=%2Fwp%2Fv2%2Fcomments&post=72868"}],"version-history":[{"count":1,"href":"https:\/\/encuentroinformativo.com.mx\/index.php?rest_route=\/wp\/v2\/posts\/72868\/revisions"}],"predecessor-version":[{"id":72870,"href":"https:\/\/encuentroinformativo.com.mx\/index.php?rest_route=\/wp\/v2\/posts\/72868\/revisions\/72870"}],"wp:featuredmedia":[{"embeddable":true,"href":"https:\/\/encuentroinformativo.com.mx\/index.php?rest_route=\/wp\/v2\/media\/72869"}],"wp:attachment":[{"href":"https:\/\/encuentroinformativo.com.mx\/index.php?rest_route=%2Fwp%2Fv2%2Fmedia&parent=72868"}],"wp:term":[{"taxonomy":"category","embeddable":true,"href":"https:\/\/encuentroinformativo.com.mx\/index.php?rest_route=%2Fwp%2Fv2%2Fcategories&post=72868"},{"taxonomy":"post_tag","embeddable":true,"href":"https:\/\/encuentroinformativo.com.mx\/index.php?rest_route=%2Fwp%2Fv2%2Ftags&post=72868"}],"curies":[{"name":"wp","href":"https:\/\/api.w.org\/{rel}","templated":true}]}}