{"id":72888,"date":"2025-11-19T11:16:34","date_gmt":"2025-11-19T17:16:34","guid":{"rendered":"https:\/\/encuentroinformativo.com.mx\/?p=72888"},"modified":"2025-11-19T11:16:34","modified_gmt":"2025-11-19T17:16:34","slug":"niega-alcalde-electo-de-tonayan-portar-armas-acusa-fotomontaje","status":"publish","type":"post","link":"https:\/\/encuentroinformativo.com.mx\/?p=72888","title":{"rendered":"Niega alcalde electo de Tonay\u00e1n portar armas, acusa fotomontaje"},"content":{"rendered":"<p><strong>Dar\u00edo Pale<\/strong><\/p>\n<p>Xalapa, Ver.- El alcalde electo de Tonay\u00e1n, Servando Hern\u00e1ndez Aguilera, neg\u00f3 categ\u00f3ricamente tener armas y afirm\u00f3 que las fotograf\u00edas difundidas en redes sociales, en las que presuntamente aparece armado durante una carrera de caballos, son un fotomontaje que intenta da\u00f1ar su imagen a semanas de asumir el cargo.<\/p>\n<p>Durante un encuentro con medios de comunicaci\u00f3n, Hern\u00e1ndez Aguilera mostr\u00f3 la fotograf\u00eda original, asegurando que la imagen editada no corresponde a la realidad.<\/p>\n<p>\u201cAparecieron unas fotograf\u00edas que no reconozco. S\u00ed estuve en esa carrera de caballos, pero la foto que me montaron no es la real. Aqu\u00ed est\u00e1 la foto original\u201d, dijo mientras exhib\u00eda las im\u00e1genes aut\u00e9nticas del evento.<\/p>\n<p>El alcalde electo insisti\u00f3 en que nunca ha portado armas y que, por su actividad como campesino y ganadero, s\u00f3lo utiliza herramientas de trabajo, \u201cNosotros conocemos un machete, un azad\u00f3n, un pico\u2026 esas son las armas que tenemos en los ranchos\u201d, afirm\u00f3.<\/p>\n<p>\u201cNo soy una persona mala; soy campesino y de trabajo\u201d<\/p>\n<p>Hern\u00e1ndez Aguilera lament\u00f3 que se pretenda difundir informaci\u00f3n falsa sobre \u00e9l y asegur\u00f3 que su comunidad lo conoce por su vida sencilla.<\/p>\n<p>\u201cLa gente vot\u00f3 por nosotros porque somos humildes y de trabajo. Nos levantamos a las seis de la ma\u00f1ana a orde\u00f1ar vacas y vender leche; de eso vivimos\u201d, dijo.<\/p>\n<p>Reiter\u00f3 que su prioridad es trabajar por el pueblo y que desconoce qui\u00e9n podr\u00eda estar detr\u00e1s de la manipulaci\u00f3n de la imagen.<\/p>\n<p>\u201cNo s\u00e9 qui\u00e9n fue. Yo no quiero problemas, quiero trabajar y cumplir lo que promet\u00ed en campa\u00f1a\u201d, expres\u00f3.<\/p>\n<p>Cuestionado sobre versiones que se\u00f1alaban que en esa zona supuestamente se traficaba con personas migrantes, el alcalde electo lo neg\u00f3 tajantemente, \u201c\u00bfC\u00f3mo vamos a llevar personas? Yo lo desconozco totalmente\u201d, respondi\u00f3.<\/p>\n<p>Tambi\u00e9n rechaz\u00f3 que se dedique a prestar dinero con altos intereses, como se difundi\u00f3 en redes sociales, \u201cme gustar\u00eda que fueran a mi rancho para que vieran de d\u00f3nde yo sacar\u00eda ese dinero\u201d, coment\u00f3.<\/p>\n<p>Sobre el proceso de entrega-recepci\u00f3n, inform\u00f3 que avanza de manera adecuada y que ser\u00e1 hasta el 1 de diciembre cuando pueda conocer a fondo el estado de la administraci\u00f3n municipal.<br \/>\nAsegur\u00f3 que mantiene una relaci\u00f3n de respeto con el actual alcalde y que no adelantar\u00e1 juicios hasta recibir formalmente el ayuntamiento.<\/p>\n<p>El presidente electo consider\u00f3 que Tonay\u00e1n es un municipio tranquilo, aunque reconoci\u00f3 que no est\u00e1 de m\u00e1s reforzar la seguridad con apoyo estatal y federal. \u201cDebemos protegernos, nadie est\u00e1 completamente seguro\u201d, se\u00f1al\u00f3.<\/p>\n<p>Sobre si contar\u00e1 con escoltas, dijo que a\u00fan no se ha definido, \u201cNo s\u00e9 todav\u00eda, pero el gobierno debe ayudarnos a protegernos\u201d, coment\u00f3.<\/p>\n<p>Hern\u00e1ndez Aguilera adelant\u00f3 que su principal eje de gobierno ser\u00e1 el fortalecimiento del sector salud, debido a experiencias personales que han marcado su vida.<\/p>\n<p>Relat\u00f3 que uno de sus hijos estuvo 41 d\u00edas internado, lo que lo sensibiliz\u00f3 sobre las necesidades de la poblaci\u00f3n m\u00e1s vulnerable.<\/p>\n<p>\u201cSe siente triste cuando nadie te lleva ni un vaso de agua. De ah\u00ed nace mi deseo de apoyar a la gente enferma\u201d, expres\u00f3.<\/p>\n<p>El alcalde electo dijo sentirse preparado para asumir el cargo, aunque reconoci\u00f3 que solo curs\u00f3 la primaria.<\/p>\n<p>Asegur\u00f3 que ha recibido capacitaci\u00f3n y que su deseo de ser presidente municipal naci\u00f3 hace 20 a\u00f1os, \u201chace ocho a\u00f1os no pude, hace cuatro tampoco. Hoy, bendito Dios, s\u00ed se logr\u00f3\u201d.<\/p>\n<p>Por \u00faltimo reiter\u00f3 que trabajar\u00e1 por todos, hayan votado o no por \u00e9l, y que su compromiso es con la gente del municipio: seguridad, salud, agua, alumbrado y atenci\u00f3n social, \u201cvengo a servir, no a pelear. Soy gente de pueblo\u201d.<\/p>\n","protected":false},"excerpt":{"rendered":"<p>Dar\u00edo Pale Xalapa, Ver.- El alcalde electo de Tonay\u00e1n, Servando Hern\u00e1ndez Aguilera, neg\u00f3 categ\u00f3ricamente tener armas y afirm\u00f3 que las fotograf\u00edas difundidas en redes sociales, en las que presuntamente aparece armado durante una carrera de caballos, son un fotomontaje que intenta da\u00f1ar su imagen a semanas de asumir el cargo. Durante un encuentro con medios [&hellip;]<\/p>\n","protected":false},"author":2476,"featured_media":72889,"comment_status":"open","ping_status":"open","sticky":false,"template":"","format":"standard","meta":{"_jetpack_memberships_contains_paid_content":false,"footnotes":""},"categories":[2],"tags":[],"class_list":["post-72888","post","type-post","status-publish","format-standard","has-post-thumbnail","hentry","category-estado"],"jetpack_featured_media_url":"https:\/\/encuentroinformativo.com.mx\/wp-content\/uploads\/2025\/11\/IMG-20251119-WA0080.jpg","jetpack_sharing_enabled":true,"jetpack_likes_enabled":true,"amp_enabled":true,"_links":{"self":[{"href":"https:\/\/encuentroinformativo.com.mx\/index.php?rest_route=\/wp\/v2\/posts\/72888","targetHints":{"allow":["GET"]}}],"collection":[{"href":"https:\/\/encuentroinformativo.com.mx\/index.php?rest_route=\/wp\/v2\/posts"}],"about":[{"href":"https:\/\/encuentroinformativo.com.mx\/index.php?rest_route=\/wp\/v2\/types\/post"}],"author":[{"embeddable":true,"href":"https:\/\/encuentroinformativo.com.mx\/index.php?rest_route=\/wp\/v2\/users\/2476"}],"replies":[{"embeddable":true,"href":"https:\/\/encuentroinformativo.com.mx\/index.php?rest_route=%2Fwp%2Fv2%2Fcomments&post=72888"}],"version-history":[{"count":1,"href":"https:\/\/encuentroinformativo.com.mx\/index.php?rest_route=\/wp\/v2\/posts\/72888\/revisions"}],"predecessor-version":[{"id":72890,"href":"https:\/\/encuentroinformativo.com.mx\/index.php?rest_route=\/wp\/v2\/posts\/72888\/revisions\/72890"}],"wp:featuredmedia":[{"embeddable":true,"href":"https:\/\/encuentroinformativo.com.mx\/index.php?rest_route=\/wp\/v2\/media\/72889"}],"wp:attachment":[{"href":"https:\/\/encuentroinformativo.com.mx\/index.php?rest_route=%2Fwp%2Fv2%2Fmedia&parent=72888"}],"wp:term":[{"taxonomy":"category","embeddable":true,"href":"https:\/\/encuentroinformativo.com.mx\/index.php?rest_route=%2Fwp%2Fv2%2Fcategories&post=72888"},{"taxonomy":"post_tag","embeddable":true,"href":"https:\/\/encuentroinformativo.com.mx\/index.php?rest_route=%2Fwp%2Fv2%2Ftags&post=72888"}],"curies":[{"name":"wp","href":"https:\/\/api.w.org\/{rel}","templated":true}]}}