{"id":72891,"date":"2025-11-19T12:22:48","date_gmt":"2025-11-19T18:22:48","guid":{"rendered":"https:\/\/encuentroinformativo.com.mx\/?p=72891"},"modified":"2025-11-19T12:22:48","modified_gmt":"2025-11-19T18:22:48","slug":"preparan-feria-nacional-del-cafe-en-coatepec","status":"publish","type":"post","link":"https:\/\/encuentroinformativo.com.mx\/?p=72891","title":{"rendered":"Preparan Feria Nacional del Caf\u00e9 en Coatepec"},"content":{"rendered":"<p><strong>Dar\u00edo Pale<\/strong><\/p>\n<p>Xalapa, Ver.- El alcalde electo de Coatepec, Jorge Ignacio Luna Hern\u00e1ndez, anunci\u00f3 en rueda de prensa los avances y la estrategia integral para la realizaci\u00f3n de la Feria Nacional del Caf\u00e9 2025, proyecto que busca reposicionar al Pueblo M\u00e1gico a nivel nacional e internacional como referente del caf\u00e9, la cultura y el turismo.<\/p>\n<p>Acompa\u00f1ado de la s\u00edndica electa Stephenie Platas y de M\u00f3nica Lobillo, encargada de la conformaci\u00f3n de la Corte Real, el alcalde electo detall\u00f3 que el lanzamiento oficial se realiz\u00f3 recientemente durante el Tianguis Nacional de Pueblos M\u00e1gicos, celebrado en Pachuca, Hidalgo, donde Coatepec tuvo gran aceptaci\u00f3n y respaldo de autoridades de turismo.<\/p>\n<p>Luna Hern\u00e1ndez agradeci\u00f3 el apoyo de la Secretar\u00eda de Turismo de Hidalgo, del secretario de Turismo de Veracruz Igor Roj\u00ed y del impulso que la gobernadora Roc\u00edo Nahle Garc\u00eda da al sector tur\u00edstico. \u201cAs\u00ed como es su visi\u00f3n poner a Veracruz de moda, nosotros vamos a poner nuestro granito de arena para que el caf\u00e9 de Coatepec tambi\u00e9n lo est\u00e9\u201d, afirm\u00f3.<\/p>\n<p>El alcalde confirm\u00f3 que la edici\u00f3n 2025 tendr\u00e1 una visi\u00f3n mucho m\u00e1s amplia que los eventos locales de a\u00f1os anteriores. Entre los invitados internacionales, ya est\u00e1 confirmada la presencia de Honduras, cuyo c\u00f3nsul solicit\u00f3 formalmente participar. Adem\u00e1s, se gestionan acuerdos con Colombia, uno de los tres mayores productores de caf\u00e9 del mundo.<\/p>\n<p>A nivel nacional, el estado de Hidalgo ser\u00e1 invitado especial, y ya se dialoga con el presidente municipal de Xilitla, interesado en participar debido a su producci\u00f3n de caf\u00e9 y orqu\u00eddeas. Tambi\u00e9n podr\u00eda sumarse al menos un Pueblo M\u00e1gico invitado.<\/p>\n<p>La Feria Nacional del Caf\u00e9 se realizar\u00e1 nuevamente en el terreno ubicado en Riva Palacio, sitio tradicional donde se celebr\u00f3 durante muchos a\u00f1os. Actualmente se encuentra en labores de limpieza y habilitaci\u00f3n con maquinaria municipal.<\/p>\n<p>La organizaci\u00f3n avanza tambi\u00e9n en la planificaci\u00f3n de:<\/p>\n<p>Cartelera art\u00edstica (que ser\u00e1 anunciada posteriormente).<\/p>\n<p>Pabellones tem\u00e1ticos, entre ellos:<\/p>\n<p>Pabell\u00f3n del Caf\u00e9 (protagonista del evento)<\/p>\n<p>Orqu\u00eddeas<\/p>\n<p>Ca\u00f1a<\/p>\n<p>Lim\u00f3n<\/p>\n<p>Miel<\/p>\n<p>Artesan\u00edas<\/p>\n<p>Gastronom\u00eda local<\/p>\n<p>El pabell\u00f3n del caf\u00e9 presentar\u00e1 la traza completa del producto: desde la cosecha, el lavado y el tostado, hasta los concursos de barismo, cataci\u00f3n y talleres especializados.<\/p>\n<p>Convocatoria abierta: el pueblo elegir\u00e1 a la Reina del Caf\u00e9<\/p>\n<p>El motivo principal de la rueda de prensa fue el anuncio del certamen para elegir a la Reina del Caf\u00e9 2025, as\u00ed como a las princesas de la Orqu\u00eddea, la Ca\u00f1a, la Miel y el Lim\u00f3n.<\/p>\n<p>Luna Hern\u00e1ndez explic\u00f3 que tradicionalmente la reina era designada directamente por el presidente municipal, pr\u00e1ctica que decidi\u00f3 cambiar:<\/p>\n<p>\u201cNo me voy a aventar ese paquete solo. Mejor que elija el pueblo. Que todas las se\u00f1oritas que quieran participar tengan la oportunidad.\u201d<\/p>\n<p>La corona de la Reina del Caf\u00e9 se impondr\u00e1 en febrero, meses antes de la feria, con el prop\u00f3sito de que participe activamente en la promoci\u00f3n tur\u00edstica de Coatepec en diversos eventos y plataformas.<\/p>\n<p>El alcalde electo record\u00f3 que, durante la campa\u00f1a, la ciudadan\u00eda pidi\u00f3 el regreso de la feria como tradicional \u201cfiesta del pueblo\u201d. Ahora, asegur\u00f3, se cumple esa promesa con anticipaci\u00f3n y planeaci\u00f3n profesional.<\/p>\n<p>\u201cAunque falta medio a\u00f1o, para nosotros ya est\u00e1 a la vuelta de la esquina\u201d.<\/p>\n<p>Con visi\u00f3n tur\u00edstica, identidad cultural y desarrollo econ\u00f3mico, Coatepec se prepara para recibir visitantes de M\u00e9xico y del extranjero en lo que promete ser una de sus ediciones m\u00e1s importantes.<\/p>\n","protected":false},"excerpt":{"rendered":"<p>Dar\u00edo Pale Xalapa, Ver.- El alcalde electo de Coatepec, Jorge Ignacio Luna Hern\u00e1ndez, anunci\u00f3 en rueda de prensa los avances y la estrategia integral para la realizaci\u00f3n de la Feria Nacional del Caf\u00e9 2025, proyecto que busca reposicionar al Pueblo M\u00e1gico a nivel nacional e internacional como referente del caf\u00e9, la cultura y el turismo. [&hellip;]<\/p>\n","protected":false},"author":2476,"featured_media":72892,"comment_status":"open","ping_status":"open","sticky":false,"template":"","format":"standard","meta":{"_jetpack_memberships_contains_paid_content":false,"footnotes":""},"categories":[8],"tags":[],"class_list":["post-72891","post","type-post","status-publish","format-standard","has-post-thumbnail","hentry","category-region"],"jetpack_featured_media_url":"https:\/\/encuentroinformativo.com.mx\/wp-content\/uploads\/2025\/11\/IMG-20251119-WA00882.jpg","jetpack_sharing_enabled":true,"jetpack_likes_enabled":true,"amp_enabled":true,"_links":{"self":[{"href":"https:\/\/encuentroinformativo.com.mx\/index.php?rest_route=\/wp\/v2\/posts\/72891","targetHints":{"allow":["GET"]}}],"collection":[{"href":"https:\/\/encuentroinformativo.com.mx\/index.php?rest_route=\/wp\/v2\/posts"}],"about":[{"href":"https:\/\/encuentroinformativo.com.mx\/index.php?rest_route=\/wp\/v2\/types\/post"}],"author":[{"embeddable":true,"href":"https:\/\/encuentroinformativo.com.mx\/index.php?rest_route=\/wp\/v2\/users\/2476"}],"replies":[{"embeddable":true,"href":"https:\/\/encuentroinformativo.com.mx\/index.php?rest_route=%2Fwp%2Fv2%2Fcomments&post=72891"}],"version-history":[{"count":1,"href":"https:\/\/encuentroinformativo.com.mx\/index.php?rest_route=\/wp\/v2\/posts\/72891\/revisions"}],"predecessor-version":[{"id":72893,"href":"https:\/\/encuentroinformativo.com.mx\/index.php?rest_route=\/wp\/v2\/posts\/72891\/revisions\/72893"}],"wp:featuredmedia":[{"embeddable":true,"href":"https:\/\/encuentroinformativo.com.mx\/index.php?rest_route=\/wp\/v2\/media\/72892"}],"wp:attachment":[{"href":"https:\/\/encuentroinformativo.com.mx\/index.php?rest_route=%2Fwp%2Fv2%2Fmedia&parent=72891"}],"wp:term":[{"taxonomy":"category","embeddable":true,"href":"https:\/\/encuentroinformativo.com.mx\/index.php?rest_route=%2Fwp%2Fv2%2Fcategories&post=72891"},{"taxonomy":"post_tag","embeddable":true,"href":"https:\/\/encuentroinformativo.com.mx\/index.php?rest_route=%2Fwp%2Fv2%2Ftags&post=72891"}],"curies":[{"name":"wp","href":"https:\/\/api.w.org\/{rel}","templated":true}]}}