{"id":72908,"date":"2025-11-20T12:00:30","date_gmt":"2025-11-20T18:00:30","guid":{"rendered":"https:\/\/encuentroinformativo.com.mx\/?p=72908"},"modified":"2025-11-20T12:00:30","modified_gmt":"2025-11-20T18:00:30","slug":"descuento-a-docentes-de-preescolar-por-faltas-injustificadas-claudia-tello","status":"publish","type":"post","link":"https:\/\/encuentroinformativo.com.mx\/?p=72908","title":{"rendered":"Descuento a docentes de preescolar por faltas injustificadas: Claudia Tello"},"content":{"rendered":"<p><strong>Dar\u00edo Pale<\/strong><\/p>\n<p>Xalapa, Ver.- La secretaria de Educaci\u00f3n de Veracruz, Claudia Tello Espinosa, aclar\u00f3 que los descuentos aplicados recientemente a personal de nivel preescolar se debieron \u00fanicamente a faltas no justificadas, descartando errores en el sistema de n\u00f3minas.<\/p>\n<p>\u201cTodo est\u00e1 bien, lo que hubo fue pase de lista. Los maestros que no est\u00e1n dentro del sal\u00f3n y no pudieron justificar su falta, entonces por eso [se hicieron los descuentos]. De ah\u00ed en fuera nadie tiene problema\u201d, precis\u00f3 la funcionaria al ser cuestionada sobre las inconformidades reportadas durante la semana pasada.<\/p>\n<p>Sobre la Universidad Popular Aut\u00f3noma de Veracruz (UPAV), Tello Espinosa inform\u00f3 brevemente que el cambio de rector\u00eda sigue siendo el eje del proceso de reorganizaci\u00f3n, aunque no ofreci\u00f3 mayores detalles.<\/p>\n<p>La titular de la SEV confirm\u00f3 que s\u00ed se recibieron denuncias relacionadas con planteles de la zona norte del estado, particularmente en el municipio de \u00c1lamo, donde contin\u00faan los trabajos de limpieza y rehabilitaci\u00f3n.<\/p>\n<p>Destac\u00f3 que las brigadas de la SEV han logrado avanzar significativamente, 20 escuelas han sido limpiadas totalmente en los \u00faltimos cuatro d\u00edas, afirm\u00f3.<\/p>\n<p>Al ser cuestionada sobre cu\u00e1ntos planteles faltan y c\u00f3mo se desarrollar\u00e1 el ciclo escolar en esa regi\u00f3n, la secretaria explic\u00f3 que:<\/p>\n<p>Los estudiantes actualmente toman clases en l\u00ednea.<\/p>\n<p>La mayor\u00eda de ni\u00f1as, ni\u00f1os y j\u00f3venes ya cuentan con actividades acad\u00e9micas.<\/p>\n<p>Se analiza el restablecimiento gradual de clases presenciales, pero no confirm\u00f3 adelantos o modificaciones al calendario escolar.<\/p>\n<p>Finalmente Tello Espinosa concluy\u00f3 que la dependencia continuar\u00e1 informando conforme avance el proceso: \u201cSeguimos en un momento, gracias\u201d.<\/p>\n","protected":false},"excerpt":{"rendered":"<p>Dar\u00edo Pale Xalapa, Ver.- La secretaria de Educaci\u00f3n de Veracruz, Claudia Tello Espinosa, aclar\u00f3 que los descuentos aplicados recientemente a personal de nivel preescolar se debieron \u00fanicamente a faltas no justificadas, descartando errores en el sistema de n\u00f3minas. \u201cTodo est\u00e1 bien, lo que hubo fue pase de lista. Los maestros que no est\u00e1n dentro del [&hellip;]<\/p>\n","protected":false},"author":2476,"featured_media":72909,"comment_status":"open","ping_status":"open","sticky":false,"template":"","format":"standard","meta":{"_jetpack_memberships_contains_paid_content":false,"footnotes":""},"categories":[2],"tags":[],"class_list":["post-72908","post","type-post","status-publish","format-standard","has-post-thumbnail","hentry","category-estado"],"jetpack_featured_media_url":"https:\/\/encuentroinformativo.com.mx\/wp-content\/uploads\/2025\/11\/IMG-20251120-WA00602.jpg","jetpack_sharing_enabled":true,"jetpack_likes_enabled":true,"amp_enabled":true,"_links":{"self":[{"href":"https:\/\/encuentroinformativo.com.mx\/index.php?rest_route=\/wp\/v2\/posts\/72908","targetHints":{"allow":["GET"]}}],"collection":[{"href":"https:\/\/encuentroinformativo.com.mx\/index.php?rest_route=\/wp\/v2\/posts"}],"about":[{"href":"https:\/\/encuentroinformativo.com.mx\/index.php?rest_route=\/wp\/v2\/types\/post"}],"author":[{"embeddable":true,"href":"https:\/\/encuentroinformativo.com.mx\/index.php?rest_route=\/wp\/v2\/users\/2476"}],"replies":[{"embeddable":true,"href":"https:\/\/encuentroinformativo.com.mx\/index.php?rest_route=%2Fwp%2Fv2%2Fcomments&post=72908"}],"version-history":[{"count":1,"href":"https:\/\/encuentroinformativo.com.mx\/index.php?rest_route=\/wp\/v2\/posts\/72908\/revisions"}],"predecessor-version":[{"id":72910,"href":"https:\/\/encuentroinformativo.com.mx\/index.php?rest_route=\/wp\/v2\/posts\/72908\/revisions\/72910"}],"wp:featuredmedia":[{"embeddable":true,"href":"https:\/\/encuentroinformativo.com.mx\/index.php?rest_route=\/wp\/v2\/media\/72909"}],"wp:attachment":[{"href":"https:\/\/encuentroinformativo.com.mx\/index.php?rest_route=%2Fwp%2Fv2%2Fmedia&parent=72908"}],"wp:term":[{"taxonomy":"category","embeddable":true,"href":"https:\/\/encuentroinformativo.com.mx\/index.php?rest_route=%2Fwp%2Fv2%2Fcategories&post=72908"},{"taxonomy":"post_tag","embeddable":true,"href":"https:\/\/encuentroinformativo.com.mx\/index.php?rest_route=%2Fwp%2Fv2%2Ftags&post=72908"}],"curies":[{"name":"wp","href":"https:\/\/api.w.org\/{rel}","templated":true}]}}