{"id":72919,"date":"2025-11-20T12:37:22","date_gmt":"2025-11-20T18:37:22","guid":{"rendered":"https:\/\/encuentroinformativo.com.mx\/?p=72919"},"modified":"2025-11-20T12:37:22","modified_gmt":"2025-11-20T18:37:22","slug":"confirma-gobernadora-visita-de-la-presidenta-claudia-sheinbaum-el-fin-de-semana","status":"publish","type":"post","link":"https:\/\/encuentroinformativo.com.mx\/?p=72919","title":{"rendered":"Confirma Gobernadora visita de la presidenta Claudia Sheinbaum el fin de semana"},"content":{"rendered":"<p><strong>Dar\u00edo Pale<\/strong><\/p>\n<p>Xalapa, Ver.- La gobernadora de Veracruz, Norma Roc\u00edo Nahle Garc\u00eda, destac\u00f3 que este d\u00eda es significativo para el pa\u00eds, al conmemorarse un aniversario m\u00e1s de lo que calific\u00f3 como la \u201ctercera transformaci\u00f3n de M\u00e9xico\u201d, refiri\u00e9ndose a la revoluci\u00f3n sindical.<\/p>\n<p>La mandataria adelant\u00f3 que ya comenz\u00f3 a recibir confirmaciones de invitados especiales que asistir\u00e1n a su pr\u00f3ximo informe de gobierno, entre ellos gobernadores de distintas entidades.<\/p>\n<p>Nahle Garc\u00eda se\u00f1al\u00f3 que entre los primeros mandatarios estatales que confirmaron su presencia se encuentra el gobernador de Oaxaca. Sin embargo, pidi\u00f3 esperar a que se concrete la lista total para ofrecer m\u00e1s detalles.<\/p>\n<p>\u201cYa me confirm\u00f3 Oaxaca, ya me confirm\u00f3 el gobernador, pero vamos a esperar\u201d, dijo.<\/p>\n<p>Presidenta visitar\u00e1 Veracruz el 23 de noviembre<\/p>\n<p>La gobernadora tambi\u00e9n inform\u00f3 que la presidenta de M\u00e9xico, Claudia Sheinbaum visitar\u00e1 Veracruz el 23 de noviembre, para encabezar la ceremonia por el 200 aniversario de San Juan de Ul\u00faa, uno de los recintos hist\u00f3ricos m\u00e1s emblem\u00e1ticos del pa\u00eds.<\/p>\n<p>\u201cEl 23 de noviembre viene a San Juan de Ul\u00faa, al aniversario de los 200 a\u00f1os\u201d, confirm\u00f3.<\/p>\n<p>Cuestionada sobre el arranque de la comparecencia del titular de la Secretar\u00eda de Finanzas en el Congreso local, Nahle Garc\u00eda evit\u00f3 emitir opini\u00f3n alguna, \u201cno, no tengo comentario\u201d, expres\u00f3 brevemente antes de retirarse.<\/p>\n","protected":false},"excerpt":{"rendered":"<p>Dar\u00edo Pale Xalapa, Ver.- La gobernadora de Veracruz, Norma Roc\u00edo Nahle Garc\u00eda, destac\u00f3 que este d\u00eda es significativo para el pa\u00eds, al conmemorarse un aniversario m\u00e1s de lo que calific\u00f3 como la \u201ctercera transformaci\u00f3n de M\u00e9xico\u201d, refiri\u00e9ndose a la revoluci\u00f3n sindical. La mandataria adelant\u00f3 que ya comenz\u00f3 a recibir confirmaciones de invitados especiales que asistir\u00e1n [&hellip;]<\/p>\n","protected":false},"author":2476,"featured_media":72920,"comment_status":"open","ping_status":"open","sticky":false,"template":"","format":"standard","meta":{"_jetpack_memberships_contains_paid_content":false,"footnotes":""},"categories":[2],"tags":[],"class_list":["post-72919","post","type-post","status-publish","format-standard","has-post-thumbnail","hentry","category-estado"],"jetpack_featured_media_url":"https:\/\/encuentroinformativo.com.mx\/wp-content\/uploads\/2025\/11\/IMG-20251120-WA0142.jpg","jetpack_sharing_enabled":true,"jetpack_likes_enabled":true,"amp_enabled":true,"_links":{"self":[{"href":"https:\/\/encuentroinformativo.com.mx\/index.php?rest_route=\/wp\/v2\/posts\/72919","targetHints":{"allow":["GET"]}}],"collection":[{"href":"https:\/\/encuentroinformativo.com.mx\/index.php?rest_route=\/wp\/v2\/posts"}],"about":[{"href":"https:\/\/encuentroinformativo.com.mx\/index.php?rest_route=\/wp\/v2\/types\/post"}],"author":[{"embeddable":true,"href":"https:\/\/encuentroinformativo.com.mx\/index.php?rest_route=\/wp\/v2\/users\/2476"}],"replies":[{"embeddable":true,"href":"https:\/\/encuentroinformativo.com.mx\/index.php?rest_route=%2Fwp%2Fv2%2Fcomments&post=72919"}],"version-history":[{"count":1,"href":"https:\/\/encuentroinformativo.com.mx\/index.php?rest_route=\/wp\/v2\/posts\/72919\/revisions"}],"predecessor-version":[{"id":72921,"href":"https:\/\/encuentroinformativo.com.mx\/index.php?rest_route=\/wp\/v2\/posts\/72919\/revisions\/72921"}],"wp:featuredmedia":[{"embeddable":true,"href":"https:\/\/encuentroinformativo.com.mx\/index.php?rest_route=\/wp\/v2\/media\/72920"}],"wp:attachment":[{"href":"https:\/\/encuentroinformativo.com.mx\/index.php?rest_route=%2Fwp%2Fv2%2Fmedia&parent=72919"}],"wp:term":[{"taxonomy":"category","embeddable":true,"href":"https:\/\/encuentroinformativo.com.mx\/index.php?rest_route=%2Fwp%2Fv2%2Fcategories&post=72919"},{"taxonomy":"post_tag","embeddable":true,"href":"https:\/\/encuentroinformativo.com.mx\/index.php?rest_route=%2Fwp%2Fv2%2Ftags&post=72919"}],"curies":[{"name":"wp","href":"https:\/\/api.w.org\/{rel}","templated":true}]}}