{"id":72936,"date":"2025-11-21T09:45:52","date_gmt":"2025-11-21T15:45:52","guid":{"rendered":"https:\/\/encuentroinformativo.com.mx\/?p=72936"},"modified":"2025-11-21T09:45:52","modified_gmt":"2025-11-21T15:45:52","slug":"el-barzon-cumple-20-anos","status":"publish","type":"post","link":"https:\/\/encuentroinformativo.com.mx\/?p=72936","title":{"rendered":"\u00a1El Barz\u00f3n cumple 20 a\u00f1os!"},"content":{"rendered":"<p><strong>\u201cDEBO, NO NIEGO; PAGO, LO JUSTO\u201d<\/strong><\/p>\n<p><strong>Teresa Carbajal<\/strong><\/p>\n<p>El pr\u00f3ximo 23 de noviembre el Barz\u00f3n cumplir\u00e1 veinte a\u00f1os de lucha social, en defensa de los cobros injustos e ilegales, y en rescate del patrimonio de las familias veracruzanas.<\/p>\n<p>Se dice f\u00e1cil, pero veinte a\u00f1os son toda una vida, que tan solo en agradecimientos, no alcanzar\u00eda el espacio para nombrar a quienes han luchado en contra de las injusticias sociales, en las filas del Barz\u00f3n.<br \/>\nTampoco ser\u00eda suficiente el tiempo para dar las gracias a todos los que de una u otra manera han contribuido y siguen contribuyendo a que este pr\u00f3ximo domingo, podamos festejar con j\u00fabilo la primera veintena de a\u00f1os de lucha Barzonista.<\/p>\n<p>O para honrar con palabras, la memoria de quienes inspiraron y con su experiencia y esp\u00edritu genuino de lucha social, apoyaron en la construcci\u00f3n de los principios partiendo de un ideal, sobre el cual se inspir\u00f3 nuestro movimiento, y que al d\u00eda de hoy ya han partido al encuentro con el Creador.<\/p>\n<p>El Barz\u00f3n de Resistencia Civil del Estado de Veracruz, Asociaci\u00f3n Civil; somos un movimiento de gente que busca pagar sus deudas, nunca negamos la urgencia de pagar, y nos manejamos bajo la consigna de: \u201cDebo, no niego; pago lo justo\u201d.<\/p>\n<p>Los retos que hemos enfrentado a lo largo de estos a\u00f1os, no han sido min\u00fasculos; pero nos han llevado a salir fortalecidos de cada una de estas pruebas.<\/p>\n<p>Nuestra lucha si bien se da en los tribunales, tambi\u00e9n se desenvuelve en las mesas de di\u00e1logo para obtener negociaciones justas de pago; pues en cada caso que recibimos si bien lo importante es pagar, lo urgente es enderezar una defensa legal adecuada a cada compa\u00f1ero.<\/p>\n<p>Ello debido a que hemos comprobado en reiteradas ocasiones, el hecho de que, m\u00e1s que provenir de una deuda, la causa de la p\u00e9rdida del patrimonio de las personas, obedece a una mala defensa legal, ya sea por falta de recursos o por falta de tes\u00f3n y \u00e9tica en sus defensores.<\/p>\n<p>Y a la falta de acceso efectivo, y oportuno a la justicia; muestra de ello, es que somos juzgados como comerciantes (con un C\u00f3digo de Comercio) y no como ciudadanos comunes, sin experiencia en tratos mercantiles, o en lo b\u00e1sico del funcionamiento de los pagar\u00e9s por ejemplo.<\/p>\n<p>El C\u00f3digo de Comercio -para acabar de completar el escenario- es porfiriano, (s\u00ed, de tiempos de Porfirio D\u00edaz) y aunque ha tenido actualizaciones, estas han sido para eficientar y hacer m\u00e1s r\u00e1pidos los procesos de cobranza, quitando garant\u00edas, a los ca\u00eddos en moratoria, (v\u00e9ase reforma financiera del a\u00f1o 2014).<\/p>\n<p>Y si a eso se le suman las condiciones actuales del pa\u00eds, de inflaci\u00f3n, carest\u00eda, pobreza e insuficiencia de ingresos, as\u00ed como la p\u00e9rdida del valor adquisitivo del dinero (cada d\u00eda alcanza para menos); y a la salvaje estrategia para la colocaci\u00f3n de cr\u00e9ditos, con cobros excesivos de intereses, fraudes, y deudas simuladas.<\/p>\n<p>En donde las instituciones no act\u00faan por falta de facultades, y los legisladores no legislan por falta de ganas (o de manejo del tema) y mientras los intereses pol\u00edticos y econ\u00f3micos sigan dominando el escenario legislativo con prioridades y dedicatorias, \u00a1pues seguiremos en pie de lucha exigiendo cobros justos y legales!<\/p>\n<p>Y por ello nuestra lucha tambi\u00e9n se ha vuelto legislativa, pugnando y proponiendo por leyes justas que nos amparen de los abusos, que sean adecuadas al texto constitucional, y acordes a los tiempos jur\u00eddicos que vivimos en materia de defensa y protecci\u00f3n de los derechos humanos.<\/p>\n<p>Hemos exigido desde distintos \u00e1mbitos, pero siempre cercanos a la ciudadan\u00eda, que se erradiquen la usura, y el anatocismo, que se revisen las malas pr\u00e1cticas y que se sancionen las conductas abusivas de los otorgantes de cr\u00e9ditos, para que dejen de culparnos por \u201cno leer\u201d lo que firmamos.<\/p>\n<p>Y que el pr\u00e9stamo de dinero en nuestro Pa\u00eds sea verdaderamente una actividad comercial regulada, no con una regulaci\u00f3n \u201csin dientes\u201d, y sin consecuencias; sino mediante una regulaci\u00f3n efectiva, en donde todos los actores de las relaciones de pr\u00e9stamo podamos sentirnos seguros.<\/p>\n<p>Hay mucho por hacer y seguiremos adelante con la Bendici\u00f3n y el permiso de Dios. Gracias a todos Ustedes por acompa\u00f1arnos, por leernos, y a los medios de comunicaci\u00f3n, gracias por darnos el uso de la voz y el espacio para poder seguir apelando la sentencia social de cargar con la culpa de la deuda, y visibilizar nuestras acciones en defensa del patrimonio.<br \/>\n\u00a1Qu\u00e9 Viva El Barz\u00f3n!<\/p>\n<p>Si tiene dudas o deudas, llame al 2281148502 visite www.elbarzonrc.org Contacte elbarzonrc@yahoo.com.mx, O s\u00edgame en @terecarbajal<\/p>\n","protected":false},"excerpt":{"rendered":"<p>\u201cDEBO, NO NIEGO; PAGO, LO JUSTO\u201d Teresa Carbajal El pr\u00f3ximo 23 de noviembre el Barz\u00f3n cumplir\u00e1 veinte a\u00f1os de lucha social, en defensa de los cobros injustos e ilegales, y en rescate del patrimonio de las familias veracruzanas. Se dice f\u00e1cil, pero veinte a\u00f1os son toda una vida, que tan solo en agradecimientos, no alcanzar\u00eda [&hellip;]<\/p>\n","protected":false},"author":2476,"featured_media":387,"comment_status":"open","ping_status":"open","sticky":false,"template":"","format":"standard","meta":{"_jetpack_memberships_contains_paid_content":false,"footnotes":""},"categories":[11],"tags":[],"class_list":["post-72936","post","type-post","status-publish","format-standard","has-post-thumbnail","hentry","category-opinion"],"jetpack_featured_media_url":"https:\/\/encuentroinformativo.com.mx\/wp-content\/uploads\/2020\/03\/7CF8A22B-2764-47BE-8F7F-38FE9E5D6A2F.jpeg","jetpack_sharing_enabled":true,"jetpack_likes_enabled":true,"amp_enabled":true,"_links":{"self":[{"href":"https:\/\/encuentroinformativo.com.mx\/index.php?rest_route=\/wp\/v2\/posts\/72936","targetHints":{"allow":["GET"]}}],"collection":[{"href":"https:\/\/encuentroinformativo.com.mx\/index.php?rest_route=\/wp\/v2\/posts"}],"about":[{"href":"https:\/\/encuentroinformativo.com.mx\/index.php?rest_route=\/wp\/v2\/types\/post"}],"author":[{"embeddable":true,"href":"https:\/\/encuentroinformativo.com.mx\/index.php?rest_route=\/wp\/v2\/users\/2476"}],"replies":[{"embeddable":true,"href":"https:\/\/encuentroinformativo.com.mx\/index.php?rest_route=%2Fwp%2Fv2%2Fcomments&post=72936"}],"version-history":[{"count":1,"href":"https:\/\/encuentroinformativo.com.mx\/index.php?rest_route=\/wp\/v2\/posts\/72936\/revisions"}],"predecessor-version":[{"id":72937,"href":"https:\/\/encuentroinformativo.com.mx\/index.php?rest_route=\/wp\/v2\/posts\/72936\/revisions\/72937"}],"wp:featuredmedia":[{"embeddable":true,"href":"https:\/\/encuentroinformativo.com.mx\/index.php?rest_route=\/wp\/v2\/media\/387"}],"wp:attachment":[{"href":"https:\/\/encuentroinformativo.com.mx\/index.php?rest_route=%2Fwp%2Fv2%2Fmedia&parent=72936"}],"wp:term":[{"taxonomy":"category","embeddable":true,"href":"https:\/\/encuentroinformativo.com.mx\/index.php?rest_route=%2Fwp%2Fv2%2Fcategories&post=72936"},{"taxonomy":"post_tag","embeddable":true,"href":"https:\/\/encuentroinformativo.com.mx\/index.php?rest_route=%2Fwp%2Fv2%2Ftags&post=72936"}],"curies":[{"name":"wp","href":"https:\/\/api.w.org\/{rel}","templated":true}]}}