{"id":72938,"date":"2025-11-21T10:08:27","date_gmt":"2025-11-21T16:08:27","guid":{"rendered":"https:\/\/encuentroinformativo.com.mx\/?p=72938"},"modified":"2025-11-21T10:36:55","modified_gmt":"2025-11-21T16:36:55","slug":"marchan-sindicatos-para-rechazar-la-propuesta-de-reforma","status":"publish","type":"post","link":"https:\/\/encuentroinformativo.com.mx\/?p=72938","title":{"rendered":"Marchan sindicatos para rechazar la propuesta de reforma"},"content":{"rendered":"<p><strong>Dar\u00edo Pale<\/strong><\/p>\n<p>Xalapa, Ver.- Representantes de al menos 24 sindicatos del Poder Ejecutivo, organismos p\u00fablicos descentralizados, del DIF estatal, Fiscal\u00eda, sector educativo y tecnol\u00f3gicos, realizaron este viernes una caminata del centro de Xalapa hacia el Congreso del Estado para entregar un escrito en el que expresan su rechazo a la iniciativa presentada por el diputado Juan Tress Zilli, la cual propone diversas reformas a la Ley Estatal del Servicio Civil.<\/p>\n<p>Los sindicatos consideran que la propuesta legislativa busca concentrar a todas las organizaciones sindicales en un solo gremio, adem\u00e1s de vulnerar derechos adquiridos de la base trabajadora.<\/p>\n<p>Ahmed Antonio Galicia Campos, secretario general del Sindicato de Empleados del Poder Ejecutivo de Veracruz, inform\u00f3 que la iniciativa fue presentada \u201cen lo oscurito\u201d, sin informar ni consultar a las organizaciones laborales.<\/p>\n<p>\u201cSi la autoridad hubiera tenido la intenci\u00f3n de que particip\u00e1ramos, primero debieron convocarnos. Esto se hizo de forma oscura y violatoria de los derechos humanos\u201d, acus\u00f3.<\/p>\n<p>El documento que entregar\u00e1n al Legislativo contiene tres puntos clave:<\/p>\n<p>1. Suspensi\u00f3n inmediata del proceso legislativo de la iniciativa.<\/p>\n<p>2. Instalaci\u00f3n urgente de una mesa de trabajo con todos los sindicatos para analizar las inconformidades.<\/p>\n<p>3. Una reforma real a la Ley del Servicio Civil que beneficie a la base trabajadora y una respuesta formal y por escrito del Congreso.<\/p>\n<p>Los dirigentes anunciaron que la marcha ser\u00eda pac\u00edfica y sin bloqueo de vialidades, con el \u00fanico objetivo de entregar las peticiones.<\/p>\n<p>De acuerdo con los l\u00edderes sindicales, la reforma afectar\u00eda directamente a cerca de 10 mil trabajadores registrados en el estado, sin contar a Seguridad P\u00fablica, sector Salud y sector educativo.<\/p>\n<p>Uno de los puntos m\u00e1s pol\u00e9micos es la propuesta que obliga a que las condiciones generales de trabajo s\u00f3lo puedan registrarse si un sindicato representa al 30% de los trabajadores protegidos, cifra que \u2014advierten\u2014 ning\u00fan sindicato cumple.<\/p>\n<p>Adem\u00e1s, se\u00f1alaron que la iniciativa contempla un art\u00edculo de exclusi\u00f3n (188) que permitir\u00eda que un trabajador pierda sus derechos si es expulsado o decide abandonar un sindicato.<\/p>\n<p>Aseguran que buscan control absoluto de los sindicatos<\/p>\n<p>Los representantes acusaron que la reforma pretende trasladar el registro sindical y las condiciones de trabajo al Secretar\u00eda del Trabajo, dependencia del propio Ejecutivo, lo que consideraron una maniobra para someter a las organizaciones:<\/p>\n<p>\u201cSi trasladan los registros a la Secretar\u00eda del Trabajo, vamos a estar sometidos al Poder Ejecutivo. No habr\u00eda un \u00f3rgano calificador independiente\u201d, se\u00f1alaron.<\/p>\n<p>Tambi\u00e9n denunciaron que la Secretar\u00eda del Trabajo ya solicit\u00f3 al Tribunal de Conciliaci\u00f3n todos los expedientes sindicales, lo que interpretan como una se\u00f1al de que la reforma \u201cya est\u00e1 dada por hecha\u201d.<\/p>\n<p>Incluso acusaron que el Tribunal les neg\u00f3 entregas de tomas de nota con el argumento de \u00f3rdenes superiores.<\/p>\n<p>&#8220;Buscan una sindicaci\u00f3n \u00fanica&#8221;: sindicatos<\/p>\n<p>Los dirigentes se\u00f1alaron que el art\u00edculo 109 de la iniciativa plantea entregar el registro \u00fanicamente al sindicato mayoritario, lo que viola los convenios 87 y 98 de la Organizaci\u00f3n Internacional del Trabajo (OIT) sobre libertad sindical.<\/p>\n<p>\u201cEs un retroceso, favorece s\u00f3lo a los sindicatos charros, los que obedecen al patr\u00f3n\u201d, expresaron.<\/p>\n<p>Durante la conferencia, representantes de sindicatos del magisterio anunciaron que tambi\u00e9n se integran al movimiento, al considerar que la iniciativa podr\u00eda extenderse posteriormente a su sector.<\/p>\n<p>Amenazan con paros escalonados<\/p>\n<p>Si no hay respuesta del Congreso, los sindicatos advirtieron que considerar\u00e1n paros de brazos ca\u00eddos y movilizaciones en todas las dependencias.<\/p>\n<p>\u201cLa base trabajadora ya sabe cu\u00e1l es el riesgo. Si esto avanza, podr\u00edamos ir a paros generales\u201d, se\u00f1alaron.<\/p>\n<p>Finalmente los l\u00edderes insistieron en que no buscan privilegios, sino defender derechos laborales que -afirman- ya est\u00e1n siendo vulnerados.<\/p>\n<p><img loading=\"lazy\" decoding=\"async\" class=\"aligncenter size-medium wp-image-72940\" src=\"https:\/\/encuentroinformativo.com.mx\/wp-content\/uploads\/2025\/11\/IMG-20251121-WA0042-300x200.jpg\" alt=\"\" width=\"300\" height=\"200\" srcset=\"https:\/\/encuentroinformativo.com.mx\/wp-content\/uploads\/2025\/11\/IMG-20251121-WA0042-300x200.jpg 300w, https:\/\/encuentroinformativo.com.mx\/wp-content\/uploads\/2025\/11\/IMG-20251121-WA0042-1024x682.jpg 1024w, https:\/\/encuentroinformativo.com.mx\/wp-content\/uploads\/2025\/11\/IMG-20251121-WA0042-768x512.jpg 768w, https:\/\/encuentroinformativo.com.mx\/wp-content\/uploads\/2025\/11\/IMG-20251121-WA0042-1536x1023.jpg 1536w, https:\/\/encuentroinformativo.com.mx\/wp-content\/uploads\/2025\/11\/IMG-20251121-WA0042.jpg 1600w\" sizes=\"auto, (max-width: 300px) 100vw, 300px\" \/><\/p>\n","protected":false},"excerpt":{"rendered":"<p>Dar\u00edo Pale Xalapa, Ver.- Representantes de al menos 24 sindicatos del Poder Ejecutivo, organismos p\u00fablicos descentralizados, del DIF estatal, Fiscal\u00eda, sector educativo y tecnol\u00f3gicos, realizaron este viernes una caminata del centro de Xalapa hacia el Congreso del Estado para entregar un escrito en el que expresan su rechazo a la iniciativa presentada por el diputado [&hellip;]<\/p>\n","protected":false},"author":2476,"featured_media":72939,"comment_status":"open","ping_status":"open","sticky":false,"template":"","format":"standard","meta":{"_jetpack_memberships_contains_paid_content":false,"footnotes":""},"categories":[3],"tags":[],"class_list":["post-72938","post","type-post","status-publish","format-standard","has-post-thumbnail","hentry","category-xalapa"],"jetpack_featured_media_url":"https:\/\/encuentroinformativo.com.mx\/wp-content\/uploads\/2025\/11\/IMG-20251121-WA0045.jpg","jetpack_sharing_enabled":true,"jetpack_likes_enabled":true,"amp_enabled":true,"_links":{"self":[{"href":"https:\/\/encuentroinformativo.com.mx\/index.php?rest_route=\/wp\/v2\/posts\/72938","targetHints":{"allow":["GET"]}}],"collection":[{"href":"https:\/\/encuentroinformativo.com.mx\/index.php?rest_route=\/wp\/v2\/posts"}],"about":[{"href":"https:\/\/encuentroinformativo.com.mx\/index.php?rest_route=\/wp\/v2\/types\/post"}],"author":[{"embeddable":true,"href":"https:\/\/encuentroinformativo.com.mx\/index.php?rest_route=\/wp\/v2\/users\/2476"}],"replies":[{"embeddable":true,"href":"https:\/\/encuentroinformativo.com.mx\/index.php?rest_route=%2Fwp%2Fv2%2Fcomments&post=72938"}],"version-history":[{"count":2,"href":"https:\/\/encuentroinformativo.com.mx\/index.php?rest_route=\/wp\/v2\/posts\/72938\/revisions"}],"predecessor-version":[{"id":72942,"href":"https:\/\/encuentroinformativo.com.mx\/index.php?rest_route=\/wp\/v2\/posts\/72938\/revisions\/72942"}],"wp:featuredmedia":[{"embeddable":true,"href":"https:\/\/encuentroinformativo.com.mx\/index.php?rest_route=\/wp\/v2\/media\/72939"}],"wp:attachment":[{"href":"https:\/\/encuentroinformativo.com.mx\/index.php?rest_route=%2Fwp%2Fv2%2Fmedia&parent=72938"}],"wp:term":[{"taxonomy":"category","embeddable":true,"href":"https:\/\/encuentroinformativo.com.mx\/index.php?rest_route=%2Fwp%2Fv2%2Fcategories&post=72938"},{"taxonomy":"post_tag","embeddable":true,"href":"https:\/\/encuentroinformativo.com.mx\/index.php?rest_route=%2Fwp%2Fv2%2Ftags&post=72938"}],"curies":[{"name":"wp","href":"https:\/\/api.w.org\/{rel}","templated":true}]}}