{"id":72943,"date":"2025-11-21T11:06:25","date_gmt":"2025-11-21T17:06:25","guid":{"rendered":"https:\/\/encuentroinformativo.com.mx\/?p=72943"},"modified":"2025-11-21T11:06:25","modified_gmt":"2025-11-21T17:06:25","slug":"promueve-educarte-actividades-para-fortalecer-la-union-familiar","status":"publish","type":"post","link":"https:\/\/encuentroinformativo.com.mx\/?p=72943","title":{"rendered":"Promueve Educarte actividades para fortalecer la uni\u00f3n familiar"},"content":{"rendered":"<p><strong>Dar\u00edo Pale<\/strong><\/p>\n<p>Xalapa, Ver.- El Centro de Estimulaci\u00f3n Educarte anunci\u00f3 la realizaci\u00f3n de un gran evento infantil dirigido a padres de familia, maestros y p\u00fablico en general, con el objetivo de fortalecer la integraci\u00f3n familiar y promover la importancia del arte y la expresi\u00f3n corporal desde los primeros meses de vida.<\/p>\n<p>Mirel Pons, directora de Educarte, inform\u00f3 que la actividad se llevar\u00e1 a cabo el s\u00e1bado 13 de diciembre, a las 16:00 horas, en el Auditorio de la Benem\u00e9rita Escuela Normal Veracruzana, espacio al que se trasladan este a\u00f1o debido a su capacidad de mil 800 asistentes, mucho mayor que en ediciones anteriores cuando el evento se realizaba en el IMAC.<\/p>\n<p>\u201cQueremos que los padres se integren porque si participan en el \u00e1mbito educativo, los ni\u00f1os crecen con mayor seguridad y autoestima. Mam\u00e1, pap\u00e1 o cuidador primario son la base del desarrollo del ni\u00f1o\u201d, explic\u00f3.<\/p>\n<p>Pons destac\u00f3 que el evento busca visibilizar la importancia del arte, la conciencia corporal, el baile y la expresi\u00f3n creativa como herramientas esenciales en el desarrollo temprano, y no como actividades \u201cde relleno\u201d o meramente extracurriculares.<\/p>\n<p>\u201cEl arte y el movimiento deben promoverse desde los primeros meses de vida. Contribuyen al desarrollo f\u00edsico, emocional y cognitivo de los ni\u00f1os\u201d, afirm\u00f3.<\/p>\n<p>La jornada iniciar\u00e1 antes del espect\u00e1culo con una exposici\u00f3n de emprendedoras, principalmente madres integrantes de Educarte, quienes ofrecer\u00e1n productos dise\u00f1ados especialmente para la primera infancia.<\/p>\n<p>El evento principal consistir\u00e1 en un show art\u00edstico de primer nivel, donde beb\u00e9s participar\u00e1n junto con sus padres en presentaciones dise\u00f1adas para promover el v\u00ednculo afectivo y la estimulaci\u00f3n temprana.<\/p>\n<p>Costos y acceso<\/p>\n<p>Los boletos tienen un costo de:<\/p>\n<p>$120 en preventa<\/p>\n<p>$150 en taquilla<\/p>\n<p>Pueden adquirirse directamente en las instalaciones de Educarte.<\/p>\n<p>Por \u00faltimo coment\u00f3 que esta ser\u00e1 la cuarta edici\u00f3n de la presentaci\u00f3n art\u00edstica anual organizada por Educarte, que cada a\u00f1o convoca a familias interesadas en fortalecer el desarrollo integral de sus hijos desde la primera infancia.<\/p>\n","protected":false},"excerpt":{"rendered":"<p>Dar\u00edo Pale Xalapa, Ver.- El Centro de Estimulaci\u00f3n Educarte anunci\u00f3 la realizaci\u00f3n de un gran evento infantil dirigido a padres de familia, maestros y p\u00fablico en general, con el objetivo de fortalecer la integraci\u00f3n familiar y promover la importancia del arte y la expresi\u00f3n corporal desde los primeros meses de vida. Mirel Pons, directora de [&hellip;]<\/p>\n","protected":false},"author":2476,"featured_media":72944,"comment_status":"open","ping_status":"open","sticky":false,"template":"","format":"standard","meta":{"_jetpack_memberships_contains_paid_content":false,"footnotes":""},"categories":[3],"tags":[],"class_list":["post-72943","post","type-post","status-publish","format-standard","has-post-thumbnail","hentry","category-xalapa"],"jetpack_featured_media_url":"https:\/\/encuentroinformativo.com.mx\/wp-content\/uploads\/2025\/11\/IMG-20251121-WA01432.jpg","jetpack_sharing_enabled":true,"jetpack_likes_enabled":true,"amp_enabled":true,"_links":{"self":[{"href":"https:\/\/encuentroinformativo.com.mx\/index.php?rest_route=\/wp\/v2\/posts\/72943","targetHints":{"allow":["GET"]}}],"collection":[{"href":"https:\/\/encuentroinformativo.com.mx\/index.php?rest_route=\/wp\/v2\/posts"}],"about":[{"href":"https:\/\/encuentroinformativo.com.mx\/index.php?rest_route=\/wp\/v2\/types\/post"}],"author":[{"embeddable":true,"href":"https:\/\/encuentroinformativo.com.mx\/index.php?rest_route=\/wp\/v2\/users\/2476"}],"replies":[{"embeddable":true,"href":"https:\/\/encuentroinformativo.com.mx\/index.php?rest_route=%2Fwp%2Fv2%2Fcomments&post=72943"}],"version-history":[{"count":1,"href":"https:\/\/encuentroinformativo.com.mx\/index.php?rest_route=\/wp\/v2\/posts\/72943\/revisions"}],"predecessor-version":[{"id":72945,"href":"https:\/\/encuentroinformativo.com.mx\/index.php?rest_route=\/wp\/v2\/posts\/72943\/revisions\/72945"}],"wp:featuredmedia":[{"embeddable":true,"href":"https:\/\/encuentroinformativo.com.mx\/index.php?rest_route=\/wp\/v2\/media\/72944"}],"wp:attachment":[{"href":"https:\/\/encuentroinformativo.com.mx\/index.php?rest_route=%2Fwp%2Fv2%2Fmedia&parent=72943"}],"wp:term":[{"taxonomy":"category","embeddable":true,"href":"https:\/\/encuentroinformativo.com.mx\/index.php?rest_route=%2Fwp%2Fv2%2Fcategories&post=72943"},{"taxonomy":"post_tag","embeddable":true,"href":"https:\/\/encuentroinformativo.com.mx\/index.php?rest_route=%2Fwp%2Fv2%2Ftags&post=72943"}],"curies":[{"name":"wp","href":"https:\/\/api.w.org\/{rel}","templated":true}]}}