{"id":72949,"date":"2025-11-21T13:26:41","date_gmt":"2025-11-21T19:26:41","guid":{"rendered":"https:\/\/encuentroinformativo.com.mx\/?p=72949"},"modified":"2025-11-21T13:26:41","modified_gmt":"2025-11-21T19:26:41","slug":"fiscalia-debera-reabrir-investigacion-por-presunto-desvio-del-ipe-pensionistas","status":"publish","type":"post","link":"https:\/\/encuentroinformativo.com.mx\/?p=72949","title":{"rendered":"Fiscal\u00eda deber\u00e1 reabrir investigaci\u00f3n por presunto desv\u00edo del IPE: Pensionistas"},"content":{"rendered":"<p><strong>* Los malos manejos habr\u00edan ocurrido en la administraci\u00f3n de Javier Duarte.<\/strong><\/p>\n<p><strong>Dar\u00edo Pale<\/strong><\/p>\n<p>Xalapa, Ver.- Tras casi una d\u00e9cada de insistencia, la Coalici\u00f3n de Pensionistas Independientes de Veracruz consigui\u00f3 que un juez ordenara a la Fiscal\u00eda D\u00e9cima, especializada en hechos de corrupci\u00f3n, reabrir la investigaci\u00f3n sobre el presunto desv\u00edo de 1,600 millones de pesos de la reserva t\u00e9cnica del Instituto de Pensiones del Estado (IPE).<\/p>\n<p>El presidente de la organizaci\u00f3n, Sergio T\u00e9llez Galv\u00e1n, inform\u00f3 que en d\u00edas recientes se celebr\u00f3 la audiencia para presentar la impugnaci\u00f3n contra la resoluci\u00f3n de la Fiscal\u00eda, la cual previamente hab\u00eda determinado que \u201cno hab\u00eda delito que perseguir\u201d.<\/p>\n<p>T\u00e9llez explic\u00f3 que su equipo jur\u00eddico present\u00f3 alrededor de 12 argumentos y 141 pruebas para sustentar la impugnaci\u00f3n, de las cuales solo una fue tomada inicialmente en cuenta. Aun as\u00ed, la exposici\u00f3n de la asesora legal de la coalici\u00f3n permiti\u00f3 que el juez declarara procedente el recurso.<\/p>\n<p>\u201cEl juez reconoci\u00f3 como v\u00e1lida la impugnaci\u00f3n y regres\u00f3 el expediente a la Fiscal\u00eda para que vuelva a investigar. Presentamos m\u00e1s de 140 pruebas; solo con una aceptada se pudo revertir la decisi\u00f3n\u201d, se\u00f1al\u00f3.<\/p>\n<p>La Fiscal\u00eda habr\u00eda minimizado irregularidades<\/p>\n<p>De acuerdo con T\u00e9llez Galv\u00e1n, la Fiscal\u00eda bas\u00f3 su resoluci\u00f3n en un an\u00e1lisis de sus propios auditores, quienes documentaron movimientos de la reserva t\u00e9cnica destinados al pago de pensiones, n\u00f3mina del IPE y otros gastos internos.<\/p>\n<p>Sin embargo, -aclar\u00f3- el uso de la reserva t\u00e9cnica solo debe hacerse en casos excepcionales, y en ning\u00fan caso para cubrir gastos operativos del instituto.<\/p>\n<p>Adem\u00e1s, sostiene que el uso de esa reserva ocurri\u00f3 porque la Secretar\u00eda de Finanzas carec\u00eda de recursos para pagar las pensiones del a\u00f1o, pese a que el presupuesto correspondiente ya hab\u00eda sido autorizado por el Congreso.<\/p>\n<p>\u201cEl dinero presupuestado para pagar un a\u00f1o completo de jubilaciones desapareci\u00f3. Tomaron la reserva t\u00e9cnica y ese dinero nunca regres\u00f3. No se ha investigado qu\u00e9 pas\u00f3 con los 1,600 millones\u201d, afirm\u00f3.<\/p>\n<p>A casi 10 a\u00f1os, piden llegar hasta el fondo<\/p>\n<p>El representante de los pensionistas confi\u00f3 en que, con la reciente renovaci\u00f3n del Poder Judicial, haya condiciones para que la investigaci\u00f3n avance.<\/p>\n<p>\u201cEsperamos que con los nuevos jueces y lineamientos se entienda que debe investigarse a fondo. Van a cumplirse 10 a\u00f1os sin saber qu\u00e9 fue de ese dinero\u201d, dijo.<\/p>\n<p>T\u00e9llez se\u00f1al\u00f3 que, aunque el probable desv\u00edo ocurri\u00f3 durante el gobierno de Javier Duarte, ninguna autoridad ha establecido responsabilidades.<\/p>\n<p>\u201cComo sociedad deber\u00edamos preguntarnos por qu\u00e9 se deja de investigar lo que es investigable. Es patrimonio del Estado el que est\u00e1 en riesgo\u201d, expres\u00f3.<\/p>\n<p>Ahora, la Fiscal\u00eda D\u00e9cima tendr\u00e1 que realizar nuevas diligencias y emitir otra resoluci\u00f3n, sin un plazo definido. La coalici\u00f3n esperar\u00e1 a conocer si se profundiza en la indagatoria o se insiste en cerrar el caso.<\/p>\n<p>Al t\u00e9rmino de la entrevista, T\u00e9llez Galv\u00e1n invit\u00f3 al evento conmemorativo por el 12\u00ba aniversario de la coalici\u00f3n, donde participar\u00e1 el especialista nacional en sistemas de pensiones, Dr. Gustavo Leal, quien ofrecer\u00e1 una conferencia virtual.<\/p>\n","protected":false},"excerpt":{"rendered":"<p>* Los malos manejos habr\u00edan ocurrido en la administraci\u00f3n de Javier Duarte. Dar\u00edo Pale Xalapa, Ver.- Tras casi una d\u00e9cada de insistencia, la Coalici\u00f3n de Pensionistas Independientes de Veracruz consigui\u00f3 que un juez ordenara a la Fiscal\u00eda D\u00e9cima, especializada en hechos de corrupci\u00f3n, reabrir la investigaci\u00f3n sobre el presunto desv\u00edo de 1,600 millones de pesos [&hellip;]<\/p>\n","protected":false},"author":2476,"featured_media":23249,"comment_status":"open","ping_status":"open","sticky":false,"template":"","format":"standard","meta":{"_jetpack_memberships_contains_paid_content":false,"footnotes":""},"categories":[2],"tags":[],"class_list":["post-72949","post","type-post","status-publish","format-standard","has-post-thumbnail","hentry","category-estado"],"jetpack_featured_media_url":"https:\/\/encuentroinformativo.com.mx\/wp-content\/uploads\/2022\/02\/IPE.jpg","jetpack_sharing_enabled":true,"jetpack_likes_enabled":true,"amp_enabled":true,"_links":{"self":[{"href":"https:\/\/encuentroinformativo.com.mx\/index.php?rest_route=\/wp\/v2\/posts\/72949","targetHints":{"allow":["GET"]}}],"collection":[{"href":"https:\/\/encuentroinformativo.com.mx\/index.php?rest_route=\/wp\/v2\/posts"}],"about":[{"href":"https:\/\/encuentroinformativo.com.mx\/index.php?rest_route=\/wp\/v2\/types\/post"}],"author":[{"embeddable":true,"href":"https:\/\/encuentroinformativo.com.mx\/index.php?rest_route=\/wp\/v2\/users\/2476"}],"replies":[{"embeddable":true,"href":"https:\/\/encuentroinformativo.com.mx\/index.php?rest_route=%2Fwp%2Fv2%2Fcomments&post=72949"}],"version-history":[{"count":1,"href":"https:\/\/encuentroinformativo.com.mx\/index.php?rest_route=\/wp\/v2\/posts\/72949\/revisions"}],"predecessor-version":[{"id":72950,"href":"https:\/\/encuentroinformativo.com.mx\/index.php?rest_route=\/wp\/v2\/posts\/72949\/revisions\/72950"}],"wp:featuredmedia":[{"embeddable":true,"href":"https:\/\/encuentroinformativo.com.mx\/index.php?rest_route=\/wp\/v2\/media\/23249"}],"wp:attachment":[{"href":"https:\/\/encuentroinformativo.com.mx\/index.php?rest_route=%2Fwp%2Fv2%2Fmedia&parent=72949"}],"wp:term":[{"taxonomy":"category","embeddable":true,"href":"https:\/\/encuentroinformativo.com.mx\/index.php?rest_route=%2Fwp%2Fv2%2Fcategories&post=72949"},{"taxonomy":"post_tag","embeddable":true,"href":"https:\/\/encuentroinformativo.com.mx\/index.php?rest_route=%2Fwp%2Fv2%2Ftags&post=72949"}],"curies":[{"name":"wp","href":"https:\/\/api.w.org\/{rel}","templated":true}]}}