{"id":72951,"date":"2025-11-21T14:34:35","date_gmt":"2025-11-21T20:34:35","guid":{"rendered":"https:\/\/encuentroinformativo.com.mx\/?p=72951"},"modified":"2025-11-21T14:34:35","modified_gmt":"2025-11-21T20:34:35","slug":"celebran-sindicatos-suspension-temporal-de-iniciativa-habra-mesas-de-trabajo","status":"publish","type":"post","link":"https:\/\/encuentroinformativo.com.mx\/?p=72951","title":{"rendered":"Celebran sindicatos suspensi\u00f3n temporal de iniciativa, habr\u00e1 mesas de trabajo"},"content":{"rendered":"<p><strong>Dar\u00edo Pale<\/strong><\/p>\n<p>Xalapa, Ver.- En medio de consignas, aplausos y gritos de \u201c\u00a1S\u00ed se pudo!\u201d, representantes sindicales de diversos gremios del estado celebraron la suspensi\u00f3n temporal de la iniciativa que afectar\u00eda derechos laborales, luego de sostener reuniones en el Congreso local y en Palacio de Gobierno.<\/p>\n<p>De acuerdo con l\u00edderes sindicales, el secretario de Gobierno Ricardo Ahued Bardahuil les inform\u00f3 que la propuesta quedar\u00e1 \u201cpor el momento sin efecto\u201d, y que se abrir\u00e1 un proceso de di\u00e1logo mediante mesas de trabajo donde participen todas las representaciones sindicales. \u201cEs favorable para todos los sindicatos\u201d, se\u00f1alaron.<\/p>\n<p>Los dirigentes destacaron que la decisi\u00f3n fue resultado de la unidad mostrada desde la conferencia de prensa matutina, la manifestaci\u00f3n y las gestiones realizadas durante el d\u00eda.<\/p>\n<p>\u201cHoy hicimos historia por la unidad que demostramos. Gracias a ello, la reforma se cancela\u201d, expresaron.<\/p>\n<p>Durante el encuentro, llamaron a la base trabajadora a seguir confiando en sus organizaciones, asegurando que la fuerza mayoritaria no est\u00e1 \u00fanicamente en los sindicatos de mayor tama\u00f1o, sino en quienes participaron activamente en las movilizaciones.<\/p>\n<p>Alfredo Su\u00e1rez Mart\u00ednez y Antonio Rodr\u00edguez Mendoza, l\u00edderes sindicales presentes, explicaron que a\u00fan quedan temas pendientes, particularmente en materia de seguridad social, los cuales ser\u00e1n discutidos el 27 de noviembre en el Instituto de Pensiones del Estado (IPE).<\/p>\n<p>Agradecieron tambi\u00e9n el respaldo de diputados, en especial del legislador Esteban Bautista, por abrir el espacio de di\u00e1logo que permiti\u00f3 frenar la iniciativa.<\/p>\n<p>\u201cProbablemente haya comentarios de que gozamos de privilegios, pero la realidad es que somos quienes luchamos por lo que hoy tenemos\u201d, expresaron.<\/p>\n<p>La platica concluy\u00f3 con una fotograf\u00eda grupal y con la consigna:<br \/>\n\u201c\u00a1Sindicatos unidos jam\u00e1s ser\u00e1n vencidos!\u201d, que fue coreada por trabajadores del sector educativo, del Poder Ejecutivo y organizaciones que se sumaron durante la jornada.<\/p>\n","protected":false},"excerpt":{"rendered":"<p>Dar\u00edo Pale Xalapa, Ver.- En medio de consignas, aplausos y gritos de \u201c\u00a1S\u00ed se pudo!\u201d, representantes sindicales de diversos gremios del estado celebraron la suspensi\u00f3n temporal de la iniciativa que afectar\u00eda derechos laborales, luego de sostener reuniones en el Congreso local y en Palacio de Gobierno. De acuerdo con l\u00edderes sindicales, el secretario de Gobierno [&hellip;]<\/p>\n","protected":false},"author":2476,"featured_media":72952,"comment_status":"open","ping_status":"open","sticky":false,"template":"","format":"standard","meta":{"_jetpack_memberships_contains_paid_content":false,"footnotes":""},"categories":[2],"tags":[],"class_list":["post-72951","post","type-post","status-publish","format-standard","has-post-thumbnail","hentry","category-estado"],"jetpack_featured_media_url":"https:\/\/encuentroinformativo.com.mx\/wp-content\/uploads\/2025\/11\/IMG-20251121-WA0346.jpg","jetpack_sharing_enabled":true,"jetpack_likes_enabled":true,"amp_enabled":true,"_links":{"self":[{"href":"https:\/\/encuentroinformativo.com.mx\/index.php?rest_route=\/wp\/v2\/posts\/72951","targetHints":{"allow":["GET"]}}],"collection":[{"href":"https:\/\/encuentroinformativo.com.mx\/index.php?rest_route=\/wp\/v2\/posts"}],"about":[{"href":"https:\/\/encuentroinformativo.com.mx\/index.php?rest_route=\/wp\/v2\/types\/post"}],"author":[{"embeddable":true,"href":"https:\/\/encuentroinformativo.com.mx\/index.php?rest_route=\/wp\/v2\/users\/2476"}],"replies":[{"embeddable":true,"href":"https:\/\/encuentroinformativo.com.mx\/index.php?rest_route=%2Fwp%2Fv2%2Fcomments&post=72951"}],"version-history":[{"count":1,"href":"https:\/\/encuentroinformativo.com.mx\/index.php?rest_route=\/wp\/v2\/posts\/72951\/revisions"}],"predecessor-version":[{"id":72953,"href":"https:\/\/encuentroinformativo.com.mx\/index.php?rest_route=\/wp\/v2\/posts\/72951\/revisions\/72953"}],"wp:featuredmedia":[{"embeddable":true,"href":"https:\/\/encuentroinformativo.com.mx\/index.php?rest_route=\/wp\/v2\/media\/72952"}],"wp:attachment":[{"href":"https:\/\/encuentroinformativo.com.mx\/index.php?rest_route=%2Fwp%2Fv2%2Fmedia&parent=72951"}],"wp:term":[{"taxonomy":"category","embeddable":true,"href":"https:\/\/encuentroinformativo.com.mx\/index.php?rest_route=%2Fwp%2Fv2%2Fcategories&post=72951"},{"taxonomy":"post_tag","embeddable":true,"href":"https:\/\/encuentroinformativo.com.mx\/index.php?rest_route=%2Fwp%2Fv2%2Ftags&post=72951"}],"curies":[{"name":"wp","href":"https:\/\/api.w.org\/{rel}","templated":true}]}}