{"id":72954,"date":"2025-11-21T17:51:16","date_gmt":"2025-11-21T23:51:16","guid":{"rendered":"https:\/\/encuentroinformativo.com.mx\/?p=72954"},"modified":"2025-11-21T17:51:16","modified_gmt":"2025-11-21T23:51:16","slug":"el-proximo-domingo-inauguran-nueva-aduana-del-puerto-de-veracruz","status":"publish","type":"post","link":"https:\/\/encuentroinformativo.com.mx\/?p=72954","title":{"rendered":"El pr\u00f3ximo domingo inauguran nueva aduana del Puerto de Veracruz"},"content":{"rendered":"<p><strong>Alejandro \u00c1vila<\/strong><\/p>\n<p>Veracruz, Ver.- La inauguraci\u00f3n de la nueva Aduana del Puerto de Veracruz, programada para este pr\u00f3ximo domingo, marcar\u00e1 un cambio significativo en la log\u00edstica mar\u00edtima del estado, al mejorar la velocidad y eficiencia en el manejo de mercanc\u00edas de importaci\u00f3n y exportaci\u00f3n, se\u00f1al\u00f3 Jos\u00e9 Manuel Urreta Ortega, presidente de la C\u00e1mara Mexicana de la Industria del Transporte Mar\u00edtimo.<\/p>\n<p>\u201cLa puesta en marcha de la nueva aduana de Veracruz permitir\u00e1 tener procesos m\u00e1s \u00e1giles y mayor certeza para todos los que dependemos de la log\u00edstica portuaria. Con esta infraestructura, el sector mar\u00edtimo espera reducir costos y atraer mayor movimiento comercial a la regi\u00f3n\u201d, enfatiz\u00f3.<\/p>\n<p>Entre los beneficios que se esperan para los transportistas mar\u00edtimos de la regi\u00f3n, Urreta Ortega destac\u00f3 la agilizaci\u00f3n del despacho, reducci\u00f3n de costos al disminuir tiempos, optimizaci\u00f3n de espacios, revisiones m\u00e1s \u00e1giles y menos invasivas con el nuevo equipamiento de punta, mayor seguridad, certeza y en general mejores condiciones de servicio.<\/p>\n<p>El presidente de CAMEINTRAM indic\u00f3 que la renovaci\u00f3n del recinto aduanero busca responder al creciente flujo comercial y a la necesidad de procesos m\u00e1s expeditos, y que esta modernizaci\u00f3n no s\u00f3lo traer\u00e1 beneficios inmediatos para todos los usuarios del puerto, sino ser\u00e1 un impulso para la econom\u00eda en la regi\u00f3n. \u201cEl nuevo recinto permitir\u00e1 recibir mayor cantidad de carga y reducir\u00e1 las demoras que afectan al comercio internacional desde Veracruz\u201d, afirm\u00f3 al se\u00f1alar que la infraestructura actualizada facilitar\u00e1 un despacho m\u00e1s fluido.<\/p>\n<p>Urreta Ortega explic\u00f3 que la aduana incorporar\u00e1 tecnolog\u00eda avanzada y mejores \u00e1reas de inspecci\u00f3n, lo cual permitir\u00e1 reducir costos operativos tanto para transportistas y agentes aduanales como para exportadores y proveedores portuarios. Las mejoras no solo impulsar\u00e1n a las grandes empresas, sino tambi\u00e9n a peque\u00f1os y medianos productores que dependen de cadenas log\u00edsticas eficientes. \u201cSe generar\u00e1 confianza para inversionistas y mayor certeza para empresas que requieren cadenas de suministro \u00e1giles, lo que puede atraer m\u00e1s carga y dinamizar la econom\u00eda local\u201d, destac\u00f3.<\/p>\n<p>La instalaci\u00f3n contar\u00e1 con equipos como esc\u00e1neres de rayos X y gamma, sistemas modernos de revisi\u00f3n y zonas ampliadas de maniobra para transporte pesado. Estos elementos permitir\u00e1n inspecciones m\u00e1s r\u00e1pidas y con menos intervenci\u00f3n f\u00edsica, alineadas con est\u00e1ndares nacionales e internacionales. Urreta Ortega concluy\u00f3 que este proyecto fortalecer\u00e1 la competitividad del Puerto de Veracruz, al ofrecer tiempos m\u00e1s cortos, operaciones m\u00e1s seguras y mayor certidumbre log\u00edstica. A\u00f1adi\u00f3 que la entrada en operaci\u00f3n del recinto aduanero ayudar\u00e1 a consolidar al puerto como un nodo estrat\u00e9gico para el comercio exterior.<\/p>\n","protected":false},"excerpt":{"rendered":"<p>Alejandro \u00c1vila Veracruz, Ver.- La inauguraci\u00f3n de la nueva Aduana del Puerto de Veracruz, programada para este pr\u00f3ximo domingo, marcar\u00e1 un cambio significativo en la log\u00edstica mar\u00edtima del estado, al mejorar la velocidad y eficiencia en el manejo de mercanc\u00edas de importaci\u00f3n y exportaci\u00f3n, se\u00f1al\u00f3 Jos\u00e9 Manuel Urreta Ortega, presidente de la C\u00e1mara Mexicana de [&hellip;]<\/p>\n","protected":false},"author":2476,"featured_media":72955,"comment_status":"open","ping_status":"open","sticky":false,"template":"","format":"standard","meta":{"_jetpack_memberships_contains_paid_content":false,"footnotes":""},"categories":[2],"tags":[],"class_list":["post-72954","post","type-post","status-publish","format-standard","has-post-thumbnail","hentry","category-estado"],"jetpack_featured_media_url":"https:\/\/encuentroinformativo.com.mx\/wp-content\/uploads\/2025\/11\/IMG-20251121-WA05322.jpg","jetpack_sharing_enabled":true,"jetpack_likes_enabled":true,"amp_enabled":true,"_links":{"self":[{"href":"https:\/\/encuentroinformativo.com.mx\/index.php?rest_route=\/wp\/v2\/posts\/72954","targetHints":{"allow":["GET"]}}],"collection":[{"href":"https:\/\/encuentroinformativo.com.mx\/index.php?rest_route=\/wp\/v2\/posts"}],"about":[{"href":"https:\/\/encuentroinformativo.com.mx\/index.php?rest_route=\/wp\/v2\/types\/post"}],"author":[{"embeddable":true,"href":"https:\/\/encuentroinformativo.com.mx\/index.php?rest_route=\/wp\/v2\/users\/2476"}],"replies":[{"embeddable":true,"href":"https:\/\/encuentroinformativo.com.mx\/index.php?rest_route=%2Fwp%2Fv2%2Fcomments&post=72954"}],"version-history":[{"count":1,"href":"https:\/\/encuentroinformativo.com.mx\/index.php?rest_route=\/wp\/v2\/posts\/72954\/revisions"}],"predecessor-version":[{"id":72956,"href":"https:\/\/encuentroinformativo.com.mx\/index.php?rest_route=\/wp\/v2\/posts\/72954\/revisions\/72956"}],"wp:featuredmedia":[{"embeddable":true,"href":"https:\/\/encuentroinformativo.com.mx\/index.php?rest_route=\/wp\/v2\/media\/72955"}],"wp:attachment":[{"href":"https:\/\/encuentroinformativo.com.mx\/index.php?rest_route=%2Fwp%2Fv2%2Fmedia&parent=72954"}],"wp:term":[{"taxonomy":"category","embeddable":true,"href":"https:\/\/encuentroinformativo.com.mx\/index.php?rest_route=%2Fwp%2Fv2%2Fcategories&post=72954"},{"taxonomy":"post_tag","embeddable":true,"href":"https:\/\/encuentroinformativo.com.mx\/index.php?rest_route=%2Fwp%2Fv2%2Ftags&post=72954"}],"curies":[{"name":"wp","href":"https:\/\/api.w.org\/{rel}","templated":true}]}}