{"id":72969,"date":"2025-11-22T12:50:43","date_gmt":"2025-11-22T18:50:43","guid":{"rendered":"https:\/\/encuentroinformativo.com.mx\/?p=72969"},"modified":"2025-11-22T12:50:43","modified_gmt":"2025-11-22T18:50:43","slug":"ctr-rechaza-iniciativa-que-buscaria-unificar-sindicatos","status":"publish","type":"post","link":"https:\/\/encuentroinformativo.com.mx\/?p=72969","title":{"rendered":"CTR rechaza iniciativa que buscar\u00eda unificar sindicatos\u00a0"},"content":{"rendered":"<p><strong>Dar\u00edo Pale<\/strong><\/p>\n<p>Xalapa, Ver.- Dirigentes nacionales y estatales de la Confederaci\u00f3n Revolucionaria de Trabajadores (CRT) anunciaron la realizaci\u00f3n del 43\u00ba Consejo Nacional Ordinario, que se llevar\u00e1 a cabo este domingo 23 a las 10:00 horas en el Auditorio Salvador D\u00edaz Mir\u00f3n.<\/p>\n<p>El encuentro estar\u00e1 enfocado en analizar problem\u00e1ticas laborales en todo el pa\u00eds y, de manera especial, en el estado de Veracruz.<\/p>\n<p>El l\u00edder nacional de la CRT, Jes\u00fas Valencia Mercado, sostuvo que uno de los temas urgentes ser\u00e1 la postura de la confederaci\u00f3n ante la iniciativa de reforma a la Ley de Prestaci\u00f3n del Servicio Civil, presentada recientemente en Veracruz, la cual propone que todos los sindicatos peque\u00f1os desaparezcan y se integren a una sola organizaci\u00f3n mayoritaria.<\/p>\n<p>Cambios propuestos a la ley: riesgo para la libre sindicalizaci\u00f3n<\/p>\n<p>Valencia Mercado advirti\u00f3 que esta iniciativa representa una afectaci\u00f3n directa al derecho constitucional y laboral de libre sindicalizaci\u00f3n, pues busca limitar la existencia de diversos sindicatos y obligar a que los trabajadores se agrupen en una sola representaci\u00f3n oficial.<\/p>\n<p>\u201cEs una afectaci\u00f3n a todos los trabajadores que quieren organizarse libremente. No s\u00f3lo la Ley Federal del Trabajo protege este derecho, tambi\u00e9n la legislaci\u00f3n internacional. Esta modificaci\u00f3n definitivamente no se debe aprobar\u201d, se\u00f1al\u00f3.<\/p>\n<p>El dirigente acus\u00f3 que actores pol\u00edticos del gobierno promueven reformas que restringen derechos, pese a haber prometido impulsar mejoras para los trabajadores.<\/p>\n<p>\u201cSe est\u00e1n proponiendo ideas que limitan la organizaci\u00f3n de trabajadores y de la poblaci\u00f3n. Esto viola leyes nacionales e internacionales, y es un tema que abordaremos en el Consejo Nacional. Incluso debe sancionarse a quienes impulsan este tipo de iniciativas\u201d, agreg\u00f3.<\/p>\n<p>Problemas laborales en Veracruz: salud y sector productivo<\/p>\n<p>Entre los temas locales que ser\u00e1n tratados en el Consejo, la CRT destac\u00f3:<\/p>\n<p>Falta de basificaci\u00f3n para trabajadores de salud, algunos con 10 o hasta 15 a\u00f1os de antig\u00fcedad.<\/p>\n<p>Riesgos derivados del tr\u00e1nsito de la Secretar\u00eda de Salud a IMSS-Bienestar, donde -aseguraron- algunos trabajadores podr\u00edan perder derechos o su empleo.<\/p>\n<p>Respaldo a trabajadores de CitrusPer en Mart\u00ednez de la Torre, donde existe un emplazamiento a huelga por falta de pagos y posible paro unilateral de la empresa, lo que afectar\u00eda a cerca de 200 empleados.<\/p>\n<p>Demandas nacionales: 40 horas, salarios e infraestructura de salud<\/p>\n<p>A nivel nacional, los dirigentes se\u00f1alaron temas que la CRT considera urgentes:<\/p>\n<p>Reducci\u00f3n de la jornada laboral a 40 horas, estancada pese a que el gobierno afirma tener consenso.<\/p>\n<p>Crisis en el sistema de salud, con falta de medicinas, saturaci\u00f3n hospitalaria e infraestructura deteriorada.<\/p>\n<p>Deterioro del salario real, debido a incrementos insuficientes frente a la inflaci\u00f3n.<\/p>\n<p>Emplazamientos activos<\/p>\n<p>La confederaci\u00f3n inform\u00f3 que existen emplazamientos a huelga en al menos 12 entidades del pa\u00eds, que en conjunto involucran a unos 25 mil trabajadores en sectores como comercio, industria alimenticia, automotriz y textil.<\/p>\n<p>En Veracruz, los conflictos m\u00e1s visibles se concentran en la industria alimenticia y el comercio.<\/p>\n<p>Presencia sindical en el sector salud<\/p>\n<p>Finalmente, el secretario general del Sindicato Estatal de Trabajadores del Sector Salud en Veracruz, Hugo Morales L\u00f3pez, inform\u00f3 que su organizaci\u00f3n tiene unos 450 afiliados distribuidos entre el Centro de Alta Especialidad, el Hospital Civil, la Jurisdicci\u00f3n Sanitaria V y oficinas centrales, y reiter\u00f3 su intenci\u00f3n de trabajar de la mano con la CRT.<\/p>\n","protected":false},"excerpt":{"rendered":"<p>Dar\u00edo Pale Xalapa, Ver.- Dirigentes nacionales y estatales de la Confederaci\u00f3n Revolucionaria de Trabajadores (CRT) anunciaron la realizaci\u00f3n del 43\u00ba Consejo Nacional Ordinario, que se llevar\u00e1 a cabo este domingo 23 a las 10:00 horas en el Auditorio Salvador D\u00edaz Mir\u00f3n. El encuentro estar\u00e1 enfocado en analizar problem\u00e1ticas laborales en todo el pa\u00eds y, de [&hellip;]<\/p>\n","protected":false},"author":2476,"featured_media":72970,"comment_status":"open","ping_status":"open","sticky":false,"template":"","format":"standard","meta":{"_jetpack_memberships_contains_paid_content":false,"footnotes":""},"categories":[3],"tags":[],"class_list":["post-72969","post","type-post","status-publish","format-standard","has-post-thumbnail","hentry","category-xalapa"],"jetpack_featured_media_url":"https:\/\/encuentroinformativo.com.mx\/wp-content\/uploads\/2025\/11\/IMG-20251122-WA0053.jpg","jetpack_sharing_enabled":true,"jetpack_likes_enabled":true,"amp_enabled":true,"_links":{"self":[{"href":"https:\/\/encuentroinformativo.com.mx\/index.php?rest_route=\/wp\/v2\/posts\/72969","targetHints":{"allow":["GET"]}}],"collection":[{"href":"https:\/\/encuentroinformativo.com.mx\/index.php?rest_route=\/wp\/v2\/posts"}],"about":[{"href":"https:\/\/encuentroinformativo.com.mx\/index.php?rest_route=\/wp\/v2\/types\/post"}],"author":[{"embeddable":true,"href":"https:\/\/encuentroinformativo.com.mx\/index.php?rest_route=\/wp\/v2\/users\/2476"}],"replies":[{"embeddable":true,"href":"https:\/\/encuentroinformativo.com.mx\/index.php?rest_route=%2Fwp%2Fv2%2Fcomments&post=72969"}],"version-history":[{"count":1,"href":"https:\/\/encuentroinformativo.com.mx\/index.php?rest_route=\/wp\/v2\/posts\/72969\/revisions"}],"predecessor-version":[{"id":72971,"href":"https:\/\/encuentroinformativo.com.mx\/index.php?rest_route=\/wp\/v2\/posts\/72969\/revisions\/72971"}],"wp:featuredmedia":[{"embeddable":true,"href":"https:\/\/encuentroinformativo.com.mx\/index.php?rest_route=\/wp\/v2\/media\/72970"}],"wp:attachment":[{"href":"https:\/\/encuentroinformativo.com.mx\/index.php?rest_route=%2Fwp%2Fv2%2Fmedia&parent=72969"}],"wp:term":[{"taxonomy":"category","embeddable":true,"href":"https:\/\/encuentroinformativo.com.mx\/index.php?rest_route=%2Fwp%2Fv2%2Fcategories&post=72969"},{"taxonomy":"post_tag","embeddable":true,"href":"https:\/\/encuentroinformativo.com.mx\/index.php?rest_route=%2Fwp%2Fv2%2Ftags&post=72969"}],"curies":[{"name":"wp","href":"https:\/\/api.w.org\/{rel}","templated":true}]}}