{"id":72972,"date":"2025-11-22T12:56:18","date_gmt":"2025-11-22T18:56:18","guid":{"rendered":"https:\/\/encuentroinformativo.com.mx\/?p=72972"},"modified":"2025-11-22T12:56:18","modified_gmt":"2025-11-22T18:56:18","slug":"en-elecciones-locales-no-habra-alianza-total-gabriela-jimenez","status":"publish","type":"post","link":"https:\/\/encuentroinformativo.com.mx\/?p=72972","title":{"rendered":"En elecciones locales no habr\u00e1 alianza total: Gabriela Jim\u00e9nez"},"content":{"rendered":"<p><strong>Alejandro \u00c1vila<\/strong><\/p>\n<p>Boca del R\u00edo, Ver.- La diputada federal de Morena, Gabriela Jim\u00e9nez Godoy, dio a conocer que en los comicios federales continuar\u00e1 la alianza Morena, Partido Verde y Partido del Trabajo, pero en las elecciones locales la situaci\u00f3n tendr\u00e1 que cambiar.<\/p>\n<p>La jalisciense mencion\u00f3 que hace unos d\u00edas sostuvieron una reuni\u00f3n en Palacio Nacional, todos los legisladores de los tres partidos, con la presidenta, Claudia Sheinbaum Pardo, donde esta les dijo que a nivel federal no habr\u00e1 modificaci\u00f3n en cuanto a la alianza y seguir\u00e1n unidos.<\/p>\n<p>&#8220;En esta reuni\u00f3n entre los varios temas que platicamos fue precisamente la importancia de mantener la coalici\u00f3n en 2027 y todos estamos de acuerdo, hemos trabajado muy bien, la gente, la ciudadan\u00eda nos dio la confianza con su voto de poder tener la mayor\u00eda calificada en el Congreso y por supuesto tenemos que mantenerla en esta campa\u00f1a intermedia&#8221;, expres\u00f3.<\/p>\n<p>La tambi\u00e9n activista, Gabriela Jim\u00e9nez, dijo que es normal que en los estados haya pugnas y guerra de declaraciones entre los partidos pol\u00edticos y sus respectivos representantes, sobre todo cuando se encuentran buscando quien encabezar\u00e1 las candidaturas.<\/p>\n<p>&#8220;Pero ya una vez que se decidan las candidaturas es muy importante que vamos a caminar juntos. Tambi\u00e9n es importante saber que no siempre en todas las coaliciones vamos a ir juntos, en lo federal siempre, pero en local depende, porque tambi\u00e9n el Verde y el PT deben de conservar un n\u00famero m\u00ednimo de votaci\u00f3n y por eso deben de competir solos en algunos cargos locales&#8221;, subray\u00f3.<\/p>\n","protected":false},"excerpt":{"rendered":"<p>Alejandro \u00c1vila Boca del R\u00edo, Ver.- La diputada federal de Morena, Gabriela Jim\u00e9nez Godoy, dio a conocer que en los comicios federales continuar\u00e1 la alianza Morena, Partido Verde y Partido del Trabajo, pero en las elecciones locales la situaci\u00f3n tendr\u00e1 que cambiar. La jalisciense mencion\u00f3 que hace unos d\u00edas sostuvieron una reuni\u00f3n en Palacio Nacional, [&hellip;]<\/p>\n","protected":false},"author":2476,"featured_media":72973,"comment_status":"open","ping_status":"open","sticky":false,"template":"","format":"standard","meta":{"_jetpack_memberships_contains_paid_content":false,"footnotes":""},"categories":[2,12],"tags":[],"class_list":["post-72972","post","type-post","status-publish","format-standard","has-post-thumbnail","hentry","category-estado","category-nacional"],"jetpack_featured_media_url":"https:\/\/encuentroinformativo.com.mx\/wp-content\/uploads\/2025\/11\/IMG-20251122-WA0065.jpg","jetpack_sharing_enabled":true,"jetpack_likes_enabled":true,"amp_enabled":true,"_links":{"self":[{"href":"https:\/\/encuentroinformativo.com.mx\/index.php?rest_route=\/wp\/v2\/posts\/72972","targetHints":{"allow":["GET"]}}],"collection":[{"href":"https:\/\/encuentroinformativo.com.mx\/index.php?rest_route=\/wp\/v2\/posts"}],"about":[{"href":"https:\/\/encuentroinformativo.com.mx\/index.php?rest_route=\/wp\/v2\/types\/post"}],"author":[{"embeddable":true,"href":"https:\/\/encuentroinformativo.com.mx\/index.php?rest_route=\/wp\/v2\/users\/2476"}],"replies":[{"embeddable":true,"href":"https:\/\/encuentroinformativo.com.mx\/index.php?rest_route=%2Fwp%2Fv2%2Fcomments&post=72972"}],"version-history":[{"count":1,"href":"https:\/\/encuentroinformativo.com.mx\/index.php?rest_route=\/wp\/v2\/posts\/72972\/revisions"}],"predecessor-version":[{"id":72974,"href":"https:\/\/encuentroinformativo.com.mx\/index.php?rest_route=\/wp\/v2\/posts\/72972\/revisions\/72974"}],"wp:featuredmedia":[{"embeddable":true,"href":"https:\/\/encuentroinformativo.com.mx\/index.php?rest_route=\/wp\/v2\/media\/72973"}],"wp:attachment":[{"href":"https:\/\/encuentroinformativo.com.mx\/index.php?rest_route=%2Fwp%2Fv2%2Fmedia&parent=72972"}],"wp:term":[{"taxonomy":"category","embeddable":true,"href":"https:\/\/encuentroinformativo.com.mx\/index.php?rest_route=%2Fwp%2Fv2%2Fcategories&post=72972"},{"taxonomy":"post_tag","embeddable":true,"href":"https:\/\/encuentroinformativo.com.mx\/index.php?rest_route=%2Fwp%2Fv2%2Ftags&post=72972"}],"curies":[{"name":"wp","href":"https:\/\/api.w.org\/{rel}","templated":true}]}}