{"id":72981,"date":"2025-11-22T13:44:37","date_gmt":"2025-11-22T19:44:37","guid":{"rendered":"https:\/\/encuentroinformativo.com.mx\/?p=72981"},"modified":"2025-11-22T13:44:37","modified_gmt":"2025-11-22T19:44:37","slug":"acusan-vecinos-intento-de-invasion-en-humedal-los-patos","status":"publish","type":"post","link":"https:\/\/encuentroinformativo.com.mx\/?p=72981","title":{"rendered":"Acusan vecinos intento de invasi\u00f3n en humedal Los Patos"},"content":{"rendered":"<p><strong>Dar\u00edo Pale<\/strong><\/p>\n<p>Xalapa, Ver.- El humedal Los Patos, uno de los ecosistemas m\u00e1s importantes de la capital veracruzana, volvi\u00f3 a estar bajo amenaza tras detectarse un nuevo intento de invasi\u00f3n la tarde del lunes 17 de noviembre, cuando integrantes del Patronato del humedal observaron a personas tratando de colocar cercos y delimitar parte del terreno para uso particular.<\/p>\n<p>Armando Uresti, presidente del Patronato de Los Patos y vicepresidente de la Cooperativa del Bosque Don Roberto, inform\u00f3 que esta incursi\u00f3n forma parte de una serie de acciones reiteradas para apropiarse del predio, pese a las denuncias ante diversas autoridades y a las medidas precautorias que ya exist\u00edan para proteger la zona.<\/p>\n<p>Uno de los hechos m\u00e1s graves detectados fue la remoci\u00f3n de los sellos de aseguramiento colocados por la Profepa, lo que constituye una violaci\u00f3n directa a la autoridad ambiental y podr\u00eda derivar en sanciones penales.<\/p>\n<p>Uresti pidi\u00f3 a la ciudadan\u00eda mantenerse atenta y apoyar la difusi\u00f3n del problema, recordando que el humedal ha sido catalogado por el Instituto de Ecolog\u00eda (Inecol) como un regulador esencial de agua, temperatura y biodiversidad en Xalapa.<\/p>\n<p>El representante del Patronato se\u00f1al\u00f3 nuevamente a Salvador Arana Watty y a los abogados Jorge Mart\u00edn Gonz\u00e1lez y su hijo como los principales impulsores de la presi\u00f3n sobre el predio ubicado en el parque del Arco Sur, y reiter\u00f3 que dicho terreno forma parte de la exhacienda Santa Rosa y Las Cruces.<\/p>\n<p>Cr\u00edticas hacia la Fiscal\u00eda General del Estado<\/p>\n<p>La acusaci\u00f3n m\u00e1s contundente, sin embargo, se dirigi\u00f3 a la Fiscal\u00eda General del Estado (FGE). Seg\u00fan Uresti, las carpetas de investigaci\u00f3n relacionadas con Los Patos permanecen detenidas debido a presuntas influencias ejercidas por quienes buscan adue\u00f1arse del terreno.<\/p>\n<p>Afirm\u00f3 adem\u00e1s que el Fiscal 8 habr\u00eda favorecido a Arana Watty mediante la integraci\u00f3n de un peritaje en una carpeta vinculada con la detenci\u00f3n de taladores.<\/p>\n<p>Los defensores del humedal se\u00f1alaron que, pese a m\u00faltiples solicitudes, no han sido recibidos por la fiscal general Ver\u00f3nica Hern\u00e1ndez Giad\u00e1ns, pues mandos intermedios les impiden acceder a la revisi\u00f3n de los expedientes.<\/p>\n<p>Para los activistas, defender Los Patos significa proteger el patrimonio ecol\u00f3gico de Xalapa, por lo que reiteraron su llamado a la sociedad civil, autoridades y medios de comunicaci\u00f3n a impedir el deterioro y la posible p\u00e9rdida de este ecosistema.<\/p>\n","protected":false},"excerpt":{"rendered":"<p>Dar\u00edo Pale Xalapa, Ver.- El humedal Los Patos, uno de los ecosistemas m\u00e1s importantes de la capital veracruzana, volvi\u00f3 a estar bajo amenaza tras detectarse un nuevo intento de invasi\u00f3n la tarde del lunes 17 de noviembre, cuando integrantes del Patronato del humedal observaron a personas tratando de colocar cercos y delimitar parte del terreno [&hellip;]<\/p>\n","protected":false},"author":2476,"featured_media":72982,"comment_status":"open","ping_status":"open","sticky":false,"template":"","format":"standard","meta":{"_jetpack_memberships_contains_paid_content":false,"footnotes":""},"categories":[3],"tags":[],"class_list":["post-72981","post","type-post","status-publish","format-standard","has-post-thumbnail","hentry","category-xalapa"],"jetpack_featured_media_url":"https:\/\/encuentroinformativo.com.mx\/wp-content\/uploads\/2025\/11\/IMG-20251122-WA01582.jpg","jetpack_sharing_enabled":true,"jetpack_likes_enabled":true,"amp_enabled":true,"_links":{"self":[{"href":"https:\/\/encuentroinformativo.com.mx\/index.php?rest_route=\/wp\/v2\/posts\/72981","targetHints":{"allow":["GET"]}}],"collection":[{"href":"https:\/\/encuentroinformativo.com.mx\/index.php?rest_route=\/wp\/v2\/posts"}],"about":[{"href":"https:\/\/encuentroinformativo.com.mx\/index.php?rest_route=\/wp\/v2\/types\/post"}],"author":[{"embeddable":true,"href":"https:\/\/encuentroinformativo.com.mx\/index.php?rest_route=\/wp\/v2\/users\/2476"}],"replies":[{"embeddable":true,"href":"https:\/\/encuentroinformativo.com.mx\/index.php?rest_route=%2Fwp%2Fv2%2Fcomments&post=72981"}],"version-history":[{"count":1,"href":"https:\/\/encuentroinformativo.com.mx\/index.php?rest_route=\/wp\/v2\/posts\/72981\/revisions"}],"predecessor-version":[{"id":72983,"href":"https:\/\/encuentroinformativo.com.mx\/index.php?rest_route=\/wp\/v2\/posts\/72981\/revisions\/72983"}],"wp:featuredmedia":[{"embeddable":true,"href":"https:\/\/encuentroinformativo.com.mx\/index.php?rest_route=\/wp\/v2\/media\/72982"}],"wp:attachment":[{"href":"https:\/\/encuentroinformativo.com.mx\/index.php?rest_route=%2Fwp%2Fv2%2Fmedia&parent=72981"}],"wp:term":[{"taxonomy":"category","embeddable":true,"href":"https:\/\/encuentroinformativo.com.mx\/index.php?rest_route=%2Fwp%2Fv2%2Fcategories&post=72981"},{"taxonomy":"post_tag","embeddable":true,"href":"https:\/\/encuentroinformativo.com.mx\/index.php?rest_route=%2Fwp%2Fv2%2Ftags&post=72981"}],"curies":[{"name":"wp","href":"https:\/\/api.w.org\/{rel}","templated":true}]}}