{"id":72996,"date":"2025-11-24T11:01:05","date_gmt":"2025-11-24T17:01:05","guid":{"rendered":"https:\/\/encuentroinformativo.com.mx\/?p=72996"},"modified":"2025-11-24T11:02:18","modified_gmt":"2025-11-24T17:02:18","slug":"el-reloj-descompuesto-de-tete-triunfa-en-el-festival-de-teatro-universitario","status":"publish","type":"post","link":"https:\/\/encuentroinformativo.com.mx\/?p=72996","title":{"rendered":"&#8220;El Reloj Descompuesto de Tet\u00e9&#8221; triunfa en el Festival de Teatro Universitario"},"content":{"rendered":"<p><strong>* Dana Camila Hern\u00e1ndez Tejeda es reconocida como Mejor Actriz.<\/strong><\/p>\n<p><strong>* La compa\u00f1\u00eda donar\u00e1 parte del premio a familias afectadas por las inundaciones en la zona norte.<\/strong><\/p>\n<p><strong>M\u00f3nica Tejeda Hern\u00e1ndez<\/strong><\/p>\n<p>Xalapa, Ver.- Con una noche llena de aplausos y emociones culmin\u00f3 el Festival de Teatro Universitario de la Universidad Veracruzana, donde la obra \u201cEl Reloj Descompuesto de Tet\u00e9\u201d, escrita por el joven dramaturgo Axel Uriel Morales Tejeda, se alz\u00f3 como Mejor Obra en la Categor\u00eda A, consolid\u00e1ndose como una de las propuestas esc\u00e9nicas m\u00e1s destacadas de este encuentro cultural.<\/p>\n<p>La puesta en escena tambi\u00e9n brill\u00f3 gracias al talento de Dana Camila Hern\u00e1ndez Tejeda, quien obtuvo el premio a Mejor Actriz por su interpretaci\u00f3n de \u201cEstrella\u201d, personaje central que cautiv\u00f3 al p\u00fablico y al jurado por su sensibilidad y fuerza dram\u00e1tica.<\/p>\n<p>Axel Uriel, adem\u00e1s de autor, interpreta al enigm\u00e1tico \u201cser del tiempo\u201d. Tras recibir el reconocimiento, expres\u00f3 que este logro representa \u201cun gran impulso\u201d a su camino como creador esc\u00e9nico:<\/p>\n<p>\u201cLa obra lleva m\u00e1s de dos a\u00f1os de trabajo y m\u00e1s de diez funciones. Es un escal\u00f3n importante para la compa\u00f1\u00eda \u2018Yo no fui, fue Tet\u00e9\u2019. Agradezco al equipo t\u00e9cnico, a la asistencia de direcci\u00f3n y al talentoso elenco que hizo posible este logro. Estamos explorando y arriesg\u00e1ndonos a hacer teatro aun con miedos y limitaciones\u201d.<\/p>\n<p>El dramaturgo anunci\u00f3 adem\u00e1s que donar\u00e1n parte del premio para apoyar a las personas afectadas por la reciente contingencia en Poza Rica, Veracruz.<\/p>\n<p>Como parte de esta iniciativa solidaria, la compa\u00f1\u00eda ofrecer\u00e1 una funci\u00f3n especial este martes 25 de noviembre en \u00c1rea 51 Foro Teatral, ubicado en Revoluci\u00f3n #307, colonia Centro, a las 7:00 p.m., donde se recaudar\u00e1n fondos para la misma causa.<\/p>\n<p>Asimismo, el Foro \u00c1rea 51 fungir\u00e1 ese d\u00eda como centro de acopio para apoyar a las familias afectadas de la zona norte. Se estar\u00e1n recibiendo medicamentos, alimentos no perecederos, toallas femeninas, herramientas de construcci\u00f3n, cobijas y art\u00edculos de higiene personal, invitando a la ciudadan\u00eda a sumarse a esta acci\u00f3n humanitaria.<\/p>\n<p>Un cierre memorable para un festival que, una vez m\u00e1s, confirma el talento emergente y la pasi\u00f3n teatral que distingue a la comunidad universitaria veracruzana.<\/p>\n<p><img loading=\"lazy\" decoding=\"async\" class=\"aligncenter size-medium wp-image-72998\" src=\"https:\/\/encuentroinformativo.com.mx\/wp-content\/uploads\/2025\/11\/IMG-20251124-WA0143-240x300.jpg\" alt=\"\" width=\"240\" height=\"300\" srcset=\"https:\/\/encuentroinformativo.com.mx\/wp-content\/uploads\/2025\/11\/IMG-20251124-WA0143-240x300.jpg 240w, https:\/\/encuentroinformativo.com.mx\/wp-content\/uploads\/2025\/11\/IMG-20251124-WA0143-819x1024.jpg 819w, https:\/\/encuentroinformativo.com.mx\/wp-content\/uploads\/2025\/11\/IMG-20251124-WA0143-768x960.jpg 768w, https:\/\/encuentroinformativo.com.mx\/wp-content\/uploads\/2025\/11\/IMG-20251124-WA0143.jpg 1080w\" sizes=\"auto, (max-width: 240px) 100vw, 240px\" \/><\/p>\n","protected":false},"excerpt":{"rendered":"<p>* Dana Camila Hern\u00e1ndez Tejeda es reconocida como Mejor Actriz. * La compa\u00f1\u00eda donar\u00e1 parte del premio a familias afectadas por las inundaciones en la zona norte. M\u00f3nica Tejeda Hern\u00e1ndez Xalapa, Ver.- Con una noche llena de aplausos y emociones culmin\u00f3 el Festival de Teatro Universitario de la Universidad Veracruzana, donde la obra \u201cEl Reloj [&hellip;]<\/p>\n","protected":false},"author":2476,"featured_media":72997,"comment_status":"open","ping_status":"open","sticky":false,"template":"","format":"standard","meta":{"_jetpack_memberships_contains_paid_content":false,"footnotes":""},"categories":[3],"tags":[],"class_list":["post-72996","post","type-post","status-publish","format-standard","has-post-thumbnail","hentry","category-xalapa"],"jetpack_featured_media_url":"https:\/\/encuentroinformativo.com.mx\/wp-content\/uploads\/2025\/11\/IMG-20251124-WA0142.jpg","jetpack_sharing_enabled":true,"jetpack_likes_enabled":true,"amp_enabled":true,"_links":{"self":[{"href":"https:\/\/encuentroinformativo.com.mx\/index.php?rest_route=\/wp\/v2\/posts\/72996","targetHints":{"allow":["GET"]}}],"collection":[{"href":"https:\/\/encuentroinformativo.com.mx\/index.php?rest_route=\/wp\/v2\/posts"}],"about":[{"href":"https:\/\/encuentroinformativo.com.mx\/index.php?rest_route=\/wp\/v2\/types\/post"}],"author":[{"embeddable":true,"href":"https:\/\/encuentroinformativo.com.mx\/index.php?rest_route=\/wp\/v2\/users\/2476"}],"replies":[{"embeddable":true,"href":"https:\/\/encuentroinformativo.com.mx\/index.php?rest_route=%2Fwp%2Fv2%2Fcomments&post=72996"}],"version-history":[{"count":2,"href":"https:\/\/encuentroinformativo.com.mx\/index.php?rest_route=\/wp\/v2\/posts\/72996\/revisions"}],"predecessor-version":[{"id":73000,"href":"https:\/\/encuentroinformativo.com.mx\/index.php?rest_route=\/wp\/v2\/posts\/72996\/revisions\/73000"}],"wp:featuredmedia":[{"embeddable":true,"href":"https:\/\/encuentroinformativo.com.mx\/index.php?rest_route=\/wp\/v2\/media\/72997"}],"wp:attachment":[{"href":"https:\/\/encuentroinformativo.com.mx\/index.php?rest_route=%2Fwp%2Fv2%2Fmedia&parent=72996"}],"wp:term":[{"taxonomy":"category","embeddable":true,"href":"https:\/\/encuentroinformativo.com.mx\/index.php?rest_route=%2Fwp%2Fv2%2Fcategories&post=72996"},{"taxonomy":"post_tag","embeddable":true,"href":"https:\/\/encuentroinformativo.com.mx\/index.php?rest_route=%2Fwp%2Fv2%2Ftags&post=72996"}],"curies":[{"name":"wp","href":"https:\/\/api.w.org\/{rel}","templated":true}]}}