{"id":73,"date":"2020-02-25T13:29:08","date_gmt":"2020-02-25T19:29:08","guid":{"rendered":"https:\/\/encuentroinformativodotcomdotmx.wordpress.com\/?p=73"},"modified":"2020-02-25T13:29:08","modified_gmt":"2020-02-25T19:29:08","slug":"van-16-incendios-forestales-en-veracruz-pc","status":"publish","type":"post","link":"https:\/\/encuentroinformativo.com.mx\/?p=73","title":{"rendered":"Van 16 incendios forestales en Veracruz: PC"},"content":{"rendered":"<p><img loading=\"lazy\" decoding=\"async\" class=\"alignnone size-medium wp-image-75\" src=\"https:\/\/encuentroinformativo.com.mx\/wp-content\/uploads\/2020\/02\/incendios.jpg?w=300\" alt=\"\" width=\"300\" height=\"169\" srcset=\"https:\/\/encuentroinformativo.com.mx\/wp-content\/uploads\/2020\/02\/incendios.jpg 1280w, https:\/\/encuentroinformativo.com.mx\/wp-content\/uploads\/2020\/02\/incendios-300x169.jpg 300w, https:\/\/encuentroinformativo.com.mx\/wp-content\/uploads\/2020\/02\/incendios-1024x576.jpg 1024w, https:\/\/encuentroinformativo.com.mx\/wp-content\/uploads\/2020\/02\/incendios-768x432.jpg 768w, https:\/\/encuentroinformativo.com.mx\/wp-content\/uploads\/2020\/02\/incendios-1200x675.jpg 1200w\" sizes=\"auto, (max-width: 300px) 100vw, 300px\" \/><br \/>\n<strong>Juan Arcos<\/strong><\/p>\n<p>Xalapa, Ver.- Un total de 16 incendios forestales se han registrado en la entidad veracruzana, de diciembre a la fecha.<\/p>\n<p>As\u00ed lo dio a conocer titular de la Secretar\u00eda de Protecci\u00f3n Civil, Guadalupe Osorno Maldonado, quien a\u00f1adi\u00f3 que las mayores afectaciones se han dado en las regiones de Perote y Huayacocotla.<\/p>\n<p>Detall\u00f3 que el 90 por ciento de los incendios son provocados por descuido de los ciudadanos.<\/p>\n<p>La funcionaria estatal coment\u00f3 que la Procuradur\u00eda del Medio Ambiente (PMA) lleva a cabo investigaciones para determinar si la tala clandestina ocasion\u00f3 estos siniestros en el municipio de Perote.<\/p>\n<p>En dicha regi\u00f3n, el fuego consumi\u00f3 30 hect\u00e1reas y fue sofocado en tres d\u00edas, del 7 al 9 de febrero.<\/p>\n<p>Osorno Maldonado mencion\u00f3 que en Huayacocotla ha sido complicado apagar el fuego, debido a que el acceso ha sido dif\u00edcil.<\/p>\n<p>En dicha zona, el incendio inici\u00f3 el pasado 12 de febrero en la localidad de Tecojotes y se propag\u00f3 hacia las comunidades de La Nopalera y Las \u00c1nimas, zonas que colindan con el estado de Hidalgo.<\/p>\n<p>&nbsp;<\/p>\n","protected":false},"excerpt":{"rendered":"<p>Juan Arcos Xalapa, Ver.- Un total de 16 incendios forestales se han registrado en la entidad veracruzana, de diciembre a la fecha. As\u00ed lo dio a conocer titular de la Secretar\u00eda de Protecci\u00f3n Civil, Guadalupe Osorno Maldonado, quien a\u00f1adi\u00f3 que las mayores afectaciones se han dado en las regiones de Perote y Huayacocotla. Detall\u00f3 que [&hellip;]<\/p>\n","protected":false},"author":1,"featured_media":75,"comment_status":"open","ping_status":"open","sticky":false,"template":"","format":"standard","meta":{"_jetpack_memberships_contains_paid_content":false,"footnotes":""},"categories":[2],"tags":[],"class_list":["post-73","post","type-post","status-publish","format-standard","has-post-thumbnail","hentry","category-estado"],"jetpack_featured_media_url":"https:\/\/encuentroinformativo.com.mx\/wp-content\/uploads\/2020\/02\/incendios.jpg","jetpack_sharing_enabled":true,"jetpack_likes_enabled":true,"amp_enabled":true,"_links":{"self":[{"href":"https:\/\/encuentroinformativo.com.mx\/index.php?rest_route=\/wp\/v2\/posts\/73","targetHints":{"allow":["GET"]}}],"collection":[{"href":"https:\/\/encuentroinformativo.com.mx\/index.php?rest_route=\/wp\/v2\/posts"}],"about":[{"href":"https:\/\/encuentroinformativo.com.mx\/index.php?rest_route=\/wp\/v2\/types\/post"}],"author":[{"embeddable":true,"href":"https:\/\/encuentroinformativo.com.mx\/index.php?rest_route=\/wp\/v2\/users\/1"}],"replies":[{"embeddable":true,"href":"https:\/\/encuentroinformativo.com.mx\/index.php?rest_route=%2Fwp%2Fv2%2Fcomments&post=73"}],"version-history":[{"count":0,"href":"https:\/\/encuentroinformativo.com.mx\/index.php?rest_route=\/wp\/v2\/posts\/73\/revisions"}],"wp:featuredmedia":[{"embeddable":true,"href":"https:\/\/encuentroinformativo.com.mx\/index.php?rest_route=\/wp\/v2\/media\/75"}],"wp:attachment":[{"href":"https:\/\/encuentroinformativo.com.mx\/index.php?rest_route=%2Fwp%2Fv2%2Fmedia&parent=73"}],"wp:term":[{"taxonomy":"category","embeddable":true,"href":"https:\/\/encuentroinformativo.com.mx\/index.php?rest_route=%2Fwp%2Fv2%2Fcategories&post=73"},{"taxonomy":"post_tag","embeddable":true,"href":"https:\/\/encuentroinformativo.com.mx\/index.php?rest_route=%2Fwp%2Fv2%2Ftags&post=73"}],"curies":[{"name":"wp","href":"https:\/\/api.w.org\/{rel}","templated":true}]}}