{"id":730,"date":"2020-03-10T17:06:30","date_gmt":"2020-03-10T23:06:30","guid":{"rendered":"https:\/\/encuentroinformativo.com\/?p=730"},"modified":"2020-03-10T17:06:32","modified_gmt":"2020-03-10T23:06:32","slug":"estudiantes-denuncian-casos-de-acoso-en-la-prepa-juarez","status":"publish","type":"post","link":"https:\/\/encuentroinformativo.com.mx\/?p=730","title":{"rendered":"Estudiantes denuncian casos de acoso en la prepa Ju\u00e1rez"},"content":{"rendered":"\n<p><strong>Juan Arcos <\/strong><\/p>\n\n\n\n<p>Xalapa, Ver.- Alumnas del Colegio Preparatorio de Xalapa denunciaron que se han registrado casos de acoso sexual por parte de los profesores y directivos.<\/p>\n\n\n\n<p>Alrededores de las 15:00 horas, las j\u00f3venes del turno vespertino protestaron en esta escuela, mejor conocida como \u201cPrepa Ju\u00e1rez\u201d.<\/p>\n\n\n\n<p>Colocaron cartulinas con diversos mensajes para que cesen las insinuaciones sexuales hacia las estudiantes.<\/p>\n\n\n\n<p>\u201cSe te pone grande cuando acosas pero bien chiquita cuando te delatan\u201d, \u201cno soy un perro, no me silbes\u201d y \u201cyo no soy la causa de que me violen\u201d, se le\u00eda en las pancartas.<\/p>\n\n\n\n<p>Adem\u00e1s, acusaron al director de la instituci\u00f3n, Francisco Javier Guiochin Hern\u00e1ndez, de proteger a los maestros que han ejercido el acoso sobre las alumnas.<br>\u201cSi no tienes pruebas no te expreses\u201d, citaron una frase del Director.<\/p>\n\n\n\n<p>Las estudiantes tambi\u00e9n mencionaron que ellas no tienen voz ni voto por el machismo que predomina en las autoridades acad\u00e9micas.<\/p>\n\n\n\n<p>\u201cSomos reprimidas porque aqu\u00ed no pasa nada. Es una instituci\u00f3n de prestigio y aqu\u00ed primero se pone a los maestros, antes que a las alumnas\u201d, comentaron mientras el Director se colocaba atr\u00e1s de ellas para escuchar sus declaraciones.<\/p>\n\n\n\n<p>En un tendedero que colocaron recientemente las estudiantes sobre Plaza Sebasti\u00e1n Lerdo de Tejada, como parte de las protestas feministas, se\u00f1alaron a nueve profesores de haber ejercicio alg\u00fan tipo de violencia contra ellas.<\/p>\n\n\n\n<p>Se trata de Manzano, Silva, Corzo, Sol, Canseco, Abato, Cabrera, Mar\u00edn y Malpica<\/p>\n\n\n\n<p><\/p>\n\n\n\n<p><\/p>\n","protected":false},"excerpt":{"rendered":"<p>Juan Arcos Xalapa, Ver.- Alumnas del Colegio Preparatorio de Xalapa denunciaron que se han registrado casos de acoso sexual por parte de los profesores y directivos. Alrededores de las 15:00 horas, las j\u00f3venes del turno vespertino protestaron en esta escuela, mejor conocida como \u201cPrepa Ju\u00e1rez\u201d. Colocaron cartulinas con diversos mensajes para que cesen las insinuaciones [&hellip;]<\/p>\n","protected":false},"author":1,"featured_media":731,"comment_status":"open","ping_status":"open","sticky":false,"template":"","format":"standard","meta":{"_jetpack_memberships_contains_paid_content":false,"footnotes":""},"categories":[3],"tags":[],"class_list":["post-730","post","type-post","status-publish","format-standard","has-post-thumbnail","hentry","category-xalapa"],"jetpack_featured_media_url":"https:\/\/encuentroinformativo.com.mx\/wp-content\/uploads\/2020\/03\/8171BEF3-3ADB-40EF-8F70-3BB5375226ED.jpeg","jetpack_sharing_enabled":true,"jetpack_likes_enabled":true,"amp_enabled":true,"_links":{"self":[{"href":"https:\/\/encuentroinformativo.com.mx\/index.php?rest_route=\/wp\/v2\/posts\/730","targetHints":{"allow":["GET"]}}],"collection":[{"href":"https:\/\/encuentroinformativo.com.mx\/index.php?rest_route=\/wp\/v2\/posts"}],"about":[{"href":"https:\/\/encuentroinformativo.com.mx\/index.php?rest_route=\/wp\/v2\/types\/post"}],"author":[{"embeddable":true,"href":"https:\/\/encuentroinformativo.com.mx\/index.php?rest_route=\/wp\/v2\/users\/1"}],"replies":[{"embeddable":true,"href":"https:\/\/encuentroinformativo.com.mx\/index.php?rest_route=%2Fwp%2Fv2%2Fcomments&post=730"}],"version-history":[{"count":1,"href":"https:\/\/encuentroinformativo.com.mx\/index.php?rest_route=\/wp\/v2\/posts\/730\/revisions"}],"predecessor-version":[{"id":732,"href":"https:\/\/encuentroinformativo.com.mx\/index.php?rest_route=\/wp\/v2\/posts\/730\/revisions\/732"}],"wp:featuredmedia":[{"embeddable":true,"href":"https:\/\/encuentroinformativo.com.mx\/index.php?rest_route=\/wp\/v2\/media\/731"}],"wp:attachment":[{"href":"https:\/\/encuentroinformativo.com.mx\/index.php?rest_route=%2Fwp%2Fv2%2Fmedia&parent=730"}],"wp:term":[{"taxonomy":"category","embeddable":true,"href":"https:\/\/encuentroinformativo.com.mx\/index.php?rest_route=%2Fwp%2Fv2%2Fcategories&post=730"},{"taxonomy":"post_tag","embeddable":true,"href":"https:\/\/encuentroinformativo.com.mx\/index.php?rest_route=%2Fwp%2Fv2%2Ftags&post=730"}],"curies":[{"name":"wp","href":"https:\/\/api.w.org\/{rel}","templated":true}]}}