{"id":73007,"date":"2025-11-24T11:28:08","date_gmt":"2025-11-24T17:28:08","guid":{"rendered":"https:\/\/encuentroinformativo.com.mx\/?p=73007"},"modified":"2025-11-24T11:28:08","modified_gmt":"2025-11-24T17:28:08","slug":"avanzan-procesos-de-limpieza-en-escuelas-de-la-zona-norte-sev","status":"publish","type":"post","link":"https:\/\/encuentroinformativo.com.mx\/?p=73007","title":{"rendered":"Avanzan procesos de limpieza en escuelas de la zona norte: SEV"},"content":{"rendered":"<p><strong>Dar\u00edo Pale<\/strong><\/p>\n<p>Xalapa, Ver.- La Secretaria de Educaci\u00f3n de Veracruz, Claudia Tello Espinosa, se refiri\u00f3 a las manifestaciones realizadas el pasado viernes por distintos sindicatos del sector educativo, asegurando que cualquier cambio relacionado con su organizaci\u00f3n deber\u00e1 realizarse \u00fanicamente mediante acuerdos y con la participaci\u00f3n plena de los trabajadores.<\/p>\n<p>Tello Espinosa aclar\u00f3 que el tema est\u00e1 siendo atendido en mesas de trabajo encabezadas por la Secretar\u00eda de Trabajo y Previsi\u00f3n Social, donde se explica a los empleados en qu\u00e9 consisten las propuestas y se garantiza que su opini\u00f3n sea tomada en cuenta.<\/p>\n<p>\u201cTodo tiene que ser en acuerdo, de ninguna otra manera podr\u00eda ser\u201d, enfatiz\u00f3 ante las inquietudes surgidas sobre un posible cambio de n\u00f3mina o la unificaci\u00f3n de sindicatos.<\/p>\n<p>La funcionaria destac\u00f3 la presencia de mujeres ind\u00edgenas que acudieron desde comunidades lejanas para acompa\u00f1arla. Record\u00f3 que fue Claudia Sheinbaum Pardo quien impuls\u00f3 una reforma constitucional para reconocer a los pueblos ind\u00edgenas como sujetos de derecho, y asegur\u00f3 que la SEV est\u00e1 poniendo especial atenci\u00f3n en estas zonas.<\/p>\n<p>Subray\u00f3 que escuelas que antes estaban cerradas ya fueron reabiertas y que se han enviado los maestros necesarios para atender a la poblaci\u00f3n escolar.<\/p>\n<p>Respecto a la zona norte del estado, inform\u00f3 que a\u00fan existen planteles donde no han podido reanudarse las clases debido a trabajos de limpieza y sanitizaci\u00f3n, pero afirm\u00f3 que el proceso avanza.<\/p>\n<p>La secretaria tambi\u00e9n revel\u00f3 que ocho escuelas quedaron completamente perdidas tras recientes contingencias. Aunque no podr\u00e1n recuperarse, se\u00f1al\u00f3 que los seguros ya est\u00e1n trabajando y que los estudiantes contin\u00faan sus actividades en modalidad en l\u00ednea, en tanto se concreta su reubicaci\u00f3n.<\/p>\n<p>Finalmente Tello Espinosa agradeci\u00f3 nuevamente a las comunidades ind\u00edgenas que la acompa\u00f1aron y destac\u00f3 que la SEV seguir\u00e1 trabajando en todo el territorio estatal \u201cpor el bien de las ni\u00f1as, los ni\u00f1os y los adolescentes\u201d.<\/p>\n","protected":false},"excerpt":{"rendered":"<p>Dar\u00edo Pale Xalapa, Ver.- La Secretaria de Educaci\u00f3n de Veracruz, Claudia Tello Espinosa, se refiri\u00f3 a las manifestaciones realizadas el pasado viernes por distintos sindicatos del sector educativo, asegurando que cualquier cambio relacionado con su organizaci\u00f3n deber\u00e1 realizarse \u00fanicamente mediante acuerdos y con la participaci\u00f3n plena de los trabajadores. Tello Espinosa aclar\u00f3 que el tema [&hellip;]<\/p>\n","protected":false},"author":2476,"featured_media":73008,"comment_status":"open","ping_status":"open","sticky":false,"template":"","format":"standard","meta":{"_jetpack_memberships_contains_paid_content":false,"footnotes":""},"categories":[2],"tags":[],"class_list":["post-73007","post","type-post","status-publish","format-standard","has-post-thumbnail","hentry","category-estado"],"jetpack_featured_media_url":"https:\/\/encuentroinformativo.com.mx\/wp-content\/uploads\/2025\/11\/IMG-20251124-WA0135.jpg","jetpack_sharing_enabled":true,"jetpack_likes_enabled":true,"amp_enabled":true,"_links":{"self":[{"href":"https:\/\/encuentroinformativo.com.mx\/index.php?rest_route=\/wp\/v2\/posts\/73007","targetHints":{"allow":["GET"]}}],"collection":[{"href":"https:\/\/encuentroinformativo.com.mx\/index.php?rest_route=\/wp\/v2\/posts"}],"about":[{"href":"https:\/\/encuentroinformativo.com.mx\/index.php?rest_route=\/wp\/v2\/types\/post"}],"author":[{"embeddable":true,"href":"https:\/\/encuentroinformativo.com.mx\/index.php?rest_route=\/wp\/v2\/users\/2476"}],"replies":[{"embeddable":true,"href":"https:\/\/encuentroinformativo.com.mx\/index.php?rest_route=%2Fwp%2Fv2%2Fcomments&post=73007"}],"version-history":[{"count":1,"href":"https:\/\/encuentroinformativo.com.mx\/index.php?rest_route=\/wp\/v2\/posts\/73007\/revisions"}],"predecessor-version":[{"id":73009,"href":"https:\/\/encuentroinformativo.com.mx\/index.php?rest_route=\/wp\/v2\/posts\/73007\/revisions\/73009"}],"wp:featuredmedia":[{"embeddable":true,"href":"https:\/\/encuentroinformativo.com.mx\/index.php?rest_route=\/wp\/v2\/media\/73008"}],"wp:attachment":[{"href":"https:\/\/encuentroinformativo.com.mx\/index.php?rest_route=%2Fwp%2Fv2%2Fmedia&parent=73007"}],"wp:term":[{"taxonomy":"category","embeddable":true,"href":"https:\/\/encuentroinformativo.com.mx\/index.php?rest_route=%2Fwp%2Fv2%2Fcategories&post=73007"},{"taxonomy":"post_tag","embeddable":true,"href":"https:\/\/encuentroinformativo.com.mx\/index.php?rest_route=%2Fwp%2Fv2%2Ftags&post=73007"}],"curies":[{"name":"wp","href":"https:\/\/api.w.org\/{rel}","templated":true}]}}