{"id":73017,"date":"2025-11-24T13:25:25","date_gmt":"2025-11-24T19:25:25","guid":{"rendered":"https:\/\/encuentroinformativo.com.mx\/?p=73017"},"modified":"2025-11-24T13:25:25","modified_gmt":"2025-11-24T19:25:25","slug":"han-sido-audios-manipulados-buscan-desestabilizar-david-jimenez","status":"publish","type":"post","link":"https:\/\/encuentroinformativo.com.mx\/?p=73017","title":{"rendered":"Han sido audios manipulados, buscan desestabilizar: David Jim\u00e9nez\u00a0"},"content":{"rendered":"<p><strong>Dar\u00edo Pale<\/strong><\/p>\n<p>Xalapa, Ver.- El subsecretario de Educaci\u00f3n Media Superior y Superior de Veracruz, David Agust\u00edn Jim\u00e9nez Rojas, asegur\u00f3 que diversos factores buscan desestabilizar al gobierno estatal debido a los resultados positivos obtenidos por la administraci\u00f3n encabezada por la gobernadora Norma Roc\u00edo Nahle Garc\u00eda.<\/p>\n<p>Cuestionado sobre audios que circularon en redes sociales presuntamente relacionados con \u00e9l, el funcionario rechaz\u00f3 que se trate de un tema menor y afirm\u00f3 que la difusi\u00f3n de este tipo de materiales podr\u00eda tener fines pol\u00edticos.<\/p>\n<p>\u201cYo creo que no es un fuego, amigo. Han querido desestabilizar el ejercicio del gobierno de nuestra gobernadora, porque ha tenido muy buenos resultados\u201d, expres\u00f3.<\/p>\n<p>Jim\u00e9nez Rojas consider\u00f3 que la proliferaci\u00f3n de audios y contenidos manipulados evidencia la necesidad de legislar en materia de inteligencia artificial para evitar afectaciones a servidores p\u00fablicos y ciudadanos.<\/p>\n<p>\u201cIncluso cuando fui presidente del IVAI, tuvimos acercamientos para legislar en materia de inteligencia artificial. Hay que regular, porque no soy el \u00fanico al que le han sacado audios\u201d, afirm\u00f3.<\/p>\n<p>El subsecretario destac\u00f3 que la manipulaci\u00f3n digital es un fen\u00f3meno global y que el tema amerita un marco regulatorio adecuado desde el Congreso local.<\/p>\n<p>Al ser cuestionado sobre posibles nuevas responsabilidades dentro del gobierno estatal, Jim\u00e9nez rechaz\u00f3 esa posibilidad.<\/p>\n<p>\u201cNo, no. Yo tengo otras responsabilidades: educaci\u00f3n media superior, y en eso estamos trabajando\u201d, enfatiz\u00f3.<\/p>\n<p>Reiter\u00f3 que su labor se mantiene en coordinaci\u00f3n con la estructura educativa estatal, incluida la subsecretar\u00eda de nivel b\u00e1sico, donde -dijo- se han obtenido resultados importantes.<\/p>\n<p>Sobre s\u00ed sindicatos o grupos internos podr\u00edan estar detr\u00e1s de la difusi\u00f3n de informaci\u00f3n falsa, el subsecretario se\u00f1al\u00f3 que cuando existen buenos resultados tambi\u00e9n surgen intereses que buscan generar divisi\u00f3n.<\/p>\n<p>\u201cHay muchos factores que quieren, generalmente cuando hay buenos resultados en el ejercicio de gobierno, desestabilizar\u201d, se\u00f1al\u00f3.<\/p>\n<p><strong>Incremento salarial del 15% en la UV: \u201cEs un hecho incierto\u201d<\/strong><\/p>\n<p>Ante la reciente intenci\u00f3n del Fesapauv de solicitar un aumento salarial del 15% para trabajadores de la Universidad Veracruzana, Jim\u00e9nez Rojas destac\u00f3 que la UV es aut\u00f3noma y que el tema a\u00fan no est\u00e1 formalmente planteado.<\/p>\n<p>\u201cLa Secretar\u00eda no media ah\u00ed. Primero que se presente\u2026 Es un hecho fortuito, incierto. Cuando se d\u00e9, entonces te podr\u00eda decir algo\u201d, expres\u00f3.<\/p>\n<p>Reiter\u00f3 que no puede opinar sobre porcentajes hipot\u00e9ticos, \u201cyo no te puedo decir algo de un hecho incierto\u201d.<\/p>\n<p>Respecto a los da\u00f1os registrados recientemente en planteles educativos, el subsecretario inform\u00f3 que, en lo que corresponde a su \u00e1rea, ya se han realizado menos de 300 visitas y la mayor\u00eda de las escuelas afectadas han sido atendidas.<\/p>\n<p>\u201cSe ha avanzado\u2026 pr\u00e1cticamente ya se han ido la mayor\u00eda. Est\u00e1n interviniendo las aseguradoras y algunas otras instancias\u201d, indic\u00f3.<\/p>\n<p>Finalmente sobre nivel b\u00e1sico, dijo que esa informaci\u00f3n corresponde a otra subsecretar\u00eda.<\/p>\n","protected":false},"excerpt":{"rendered":"<p>Dar\u00edo Pale Xalapa, Ver.- El subsecretario de Educaci\u00f3n Media Superior y Superior de Veracruz, David Agust\u00edn Jim\u00e9nez Rojas, asegur\u00f3 que diversos factores buscan desestabilizar al gobierno estatal debido a los resultados positivos obtenidos por la administraci\u00f3n encabezada por la gobernadora Norma Roc\u00edo Nahle Garc\u00eda. Cuestionado sobre audios que circularon en redes sociales presuntamente relacionados con [&hellip;]<\/p>\n","protected":false},"author":2476,"featured_media":73018,"comment_status":"open","ping_status":"open","sticky":false,"template":"","format":"standard","meta":{"_jetpack_memberships_contains_paid_content":false,"footnotes":""},"categories":[2],"tags":[],"class_list":["post-73017","post","type-post","status-publish","format-standard","has-post-thumbnail","hentry","category-estado"],"jetpack_featured_media_url":"https:\/\/encuentroinformativo.com.mx\/wp-content\/uploads\/2025\/11\/IMG-20251124-WA0221.jpg","jetpack_sharing_enabled":true,"jetpack_likes_enabled":true,"amp_enabled":true,"_links":{"self":[{"href":"https:\/\/encuentroinformativo.com.mx\/index.php?rest_route=\/wp\/v2\/posts\/73017","targetHints":{"allow":["GET"]}}],"collection":[{"href":"https:\/\/encuentroinformativo.com.mx\/index.php?rest_route=\/wp\/v2\/posts"}],"about":[{"href":"https:\/\/encuentroinformativo.com.mx\/index.php?rest_route=\/wp\/v2\/types\/post"}],"author":[{"embeddable":true,"href":"https:\/\/encuentroinformativo.com.mx\/index.php?rest_route=\/wp\/v2\/users\/2476"}],"replies":[{"embeddable":true,"href":"https:\/\/encuentroinformativo.com.mx\/index.php?rest_route=%2Fwp%2Fv2%2Fcomments&post=73017"}],"version-history":[{"count":2,"href":"https:\/\/encuentroinformativo.com.mx\/index.php?rest_route=\/wp\/v2\/posts\/73017\/revisions"}],"predecessor-version":[{"id":73020,"href":"https:\/\/encuentroinformativo.com.mx\/index.php?rest_route=\/wp\/v2\/posts\/73017\/revisions\/73020"}],"wp:featuredmedia":[{"embeddable":true,"href":"https:\/\/encuentroinformativo.com.mx\/index.php?rest_route=\/wp\/v2\/media\/73018"}],"wp:attachment":[{"href":"https:\/\/encuentroinformativo.com.mx\/index.php?rest_route=%2Fwp%2Fv2%2Fmedia&parent=73017"}],"wp:term":[{"taxonomy":"category","embeddable":true,"href":"https:\/\/encuentroinformativo.com.mx\/index.php?rest_route=%2Fwp%2Fv2%2Fcategories&post=73017"},{"taxonomy":"post_tag","embeddable":true,"href":"https:\/\/encuentroinformativo.com.mx\/index.php?rest_route=%2Fwp%2Fv2%2Ftags&post=73017"}],"curies":[{"name":"wp","href":"https:\/\/api.w.org\/{rel}","templated":true}]}}