{"id":73021,"date":"2025-11-24T13:33:15","date_gmt":"2025-11-24T19:33:15","guid":{"rendered":"https:\/\/encuentroinformativo.com.mx\/?p=73021"},"modified":"2025-11-24T13:33:15","modified_gmt":"2025-11-24T19:33:15","slug":"condena-gobernadora-homicidio-de-exalcalde-juan-carlos-mezhua","status":"publish","type":"post","link":"https:\/\/encuentroinformativo.com.mx\/?p=73021","title":{"rendered":"Condena Gobernadora homicidio de exalcalde Juan Carlos Mezhua"},"content":{"rendered":"<p><strong>Dar\u00edo Pale<\/strong><\/p>\n<p>Xalapa, Ver.- La gobernadora de Veracruz, Norma Roc\u00edo Nahle Garc\u00eda, lament\u00f3 el asesinato del exalcalde de Zongolica, Juan Carlos Mezhua Campos, ocurrido este fin de semana, se\u00f1alando que se trata de un hecho grave que ya es investigado por las autoridades correspondientes.<\/p>\n<p>Durante una entrevista radiof\u00f3nica, Nahle confirm\u00f3 que fue informada de inmediato sobre el crimen y asegur\u00f3 que la Fiscal\u00eda General del Estado trabaja en las l\u00edneas de investigaci\u00f3n para esclarecerlo cuanto antes.<\/p>\n<p>La mandataria reconoci\u00f3 la trayectoria de Mezhua Campos, quien tambi\u00e9n fue l\u00edder comunitario y figura pol\u00edtica en la sierra de Zongolica. \u201cLamento profundamente este hecho; estamos atentos y daremos seguimiento puntual a las investigaciones\u201d, afirm\u00f3, reiterando que habr\u00e1 coordinaci\u00f3n con la Fiscal\u00eda y fuerzas de seguridad para evitar que este tipo de hechos queden impunes.<\/p>\n<p>A lo largo de la entrevista, Nahle abord\u00f3 tambi\u00e9n los eventos oficiales realizados durante la visita de la presidenta Claudia Sheinbaum Pardo al estado de Veracruz, en el marco de la conmemoraci\u00f3n de los 200 a\u00f1os de la consolidaci\u00f3n de la independencia en el mar.<\/p>\n<p>Destac\u00f3 la recuperaci\u00f3n e inauguraci\u00f3n de la Casa Museo Benito Ju\u00e1rez, un inmueble adquirido por el Gobierno Federal y restaurado para devolverlo a su estado original.<\/p>\n<p>La emotiva llegada del Buque Escuela Cuauht\u00e9moc al puerto, donde la presidenta dio la bienvenida a los cadetes tras los incidentes ocurridos en Nueva York.<\/p>\n<p>La puesta en operaci\u00f3n de la nueva Aduana Mar\u00edtima Norte, equipada con tecnolog\u00eda de punta como rayos gamma y sistemas avanzados de revisi\u00f3n.<\/p>\n<p>La inauguraci\u00f3n de placas en la Plaza del Hero\u00edsmo y los actos conmemorativos en San Juan de Ul\u00faa.<\/p>\n<p>La gobernadora adelant\u00f3 que presentar\u00e1 su primer informe el pr\u00f3ximo domingo 30 en plaza Lerdo, y posteriormente acudir\u00e1 al Congreso el 3 de diciembre. Se\u00f1al\u00f3 avances en desarrollo econ\u00f3mico, salud, medio ambiente y obra p\u00fablica.<\/p>\n<p>Como dato relevante, inform\u00f3 que por primera vez en muchos a\u00f1os la inflaci\u00f3n en Veracruz se ubic\u00f3 ligeramente por debajo de la media nacional, indicador que atribuy\u00f3 a la inversi\u00f3n privada, movilidad econ\u00f3mica y confianza empresarial.<\/p>\n<p>Asimismo, reconoci\u00f3 retrasos administrativos en algunas obras, particularmente carreteras en zonas serranas, y advirti\u00f3 que de ser necesario asumir\u00e1 directamente la planeaci\u00f3n y supervisi\u00f3n: \u201cDe que se hace, se hace; no podemos estar a expensas de la burocracia\u201d, enfatiz\u00f3.<\/p>\n<p>En relaci\u00f3n con la extensi\u00f3n territorial del estado y los incidentes que se registran en distintas regiones, Nahle reiter\u00f3 que su gobierno mantiene coordinaci\u00f3n permanente con las corporaciones federales y estatales para atender cualquier hecho de violencia, incluido el homicidio de Mezhua Campos. \u201cTodos los d\u00edas damos seguimiento a los temas de seguridad; no vamos a permitir retrocesos\u201d, afirm\u00f3.<\/p>\n<p>Finalmente la gobernadora cerr\u00f3 asegurando que Veracruz contin\u00faa recuperando su vocaci\u00f3n tur\u00edstica y cultural, y que su administraci\u00f3n seguir\u00e1 enfocada en \u201chablar bien de Veracruz\u201d resaltando aquello que fortalece la identidad e historia del estado.<\/p>\n","protected":false},"excerpt":{"rendered":"<p>Dar\u00edo Pale Xalapa, Ver.- La gobernadora de Veracruz, Norma Roc\u00edo Nahle Garc\u00eda, lament\u00f3 el asesinato del exalcalde de Zongolica, Juan Carlos Mezhua Campos, ocurrido este fin de semana, se\u00f1alando que se trata de un hecho grave que ya es investigado por las autoridades correspondientes. Durante una entrevista radiof\u00f3nica, Nahle confirm\u00f3 que fue informada de inmediato [&hellip;]<\/p>\n","protected":false},"author":2476,"featured_media":73022,"comment_status":"open","ping_status":"open","sticky":false,"template":"","format":"standard","meta":{"_jetpack_memberships_contains_paid_content":false,"footnotes":""},"categories":[2],"tags":[],"class_list":["post-73021","post","type-post","status-publish","format-standard","has-post-thumbnail","hentry","category-estado"],"jetpack_featured_media_url":"https:\/\/encuentroinformativo.com.mx\/wp-content\/uploads\/2025\/11\/IMG-20251124-WA01942.jpg","jetpack_sharing_enabled":true,"jetpack_likes_enabled":true,"amp_enabled":true,"_links":{"self":[{"href":"https:\/\/encuentroinformativo.com.mx\/index.php?rest_route=\/wp\/v2\/posts\/73021","targetHints":{"allow":["GET"]}}],"collection":[{"href":"https:\/\/encuentroinformativo.com.mx\/index.php?rest_route=\/wp\/v2\/posts"}],"about":[{"href":"https:\/\/encuentroinformativo.com.mx\/index.php?rest_route=\/wp\/v2\/types\/post"}],"author":[{"embeddable":true,"href":"https:\/\/encuentroinformativo.com.mx\/index.php?rest_route=\/wp\/v2\/users\/2476"}],"replies":[{"embeddable":true,"href":"https:\/\/encuentroinformativo.com.mx\/index.php?rest_route=%2Fwp%2Fv2%2Fcomments&post=73021"}],"version-history":[{"count":1,"href":"https:\/\/encuentroinformativo.com.mx\/index.php?rest_route=\/wp\/v2\/posts\/73021\/revisions"}],"predecessor-version":[{"id":73023,"href":"https:\/\/encuentroinformativo.com.mx\/index.php?rest_route=\/wp\/v2\/posts\/73021\/revisions\/73023"}],"wp:featuredmedia":[{"embeddable":true,"href":"https:\/\/encuentroinformativo.com.mx\/index.php?rest_route=\/wp\/v2\/media\/73022"}],"wp:attachment":[{"href":"https:\/\/encuentroinformativo.com.mx\/index.php?rest_route=%2Fwp%2Fv2%2Fmedia&parent=73021"}],"wp:term":[{"taxonomy":"category","embeddable":true,"href":"https:\/\/encuentroinformativo.com.mx\/index.php?rest_route=%2Fwp%2Fv2%2Fcategories&post=73021"},{"taxonomy":"post_tag","embeddable":true,"href":"https:\/\/encuentroinformativo.com.mx\/index.php?rest_route=%2Fwp%2Fv2%2Ftags&post=73021"}],"curies":[{"name":"wp","href":"https:\/\/api.w.org\/{rel}","templated":true}]}}