{"id":73024,"date":"2025-11-24T17:03:34","date_gmt":"2025-11-24T23:03:34","guid":{"rendered":"https:\/\/encuentroinformativo.com.mx\/?p=73024"},"modified":"2025-11-24T17:03:34","modified_gmt":"2025-11-24T23:03:34","slug":"defiende-snte-comparecencia-de-titular-de-la-sev","status":"publish","type":"post","link":"https:\/\/encuentroinformativo.com.mx\/?p=73024","title":{"rendered":"Defiende SNTE comparecencia de titular de la SEV"},"content":{"rendered":"<p><strong>Dar\u00edo Pale<\/strong><\/p>\n<p>Xalapa, Ver.- El diputado local y dirigente de la Secci\u00f3n 56 del SNTE, Jos\u00e9 Reveriano Mar\u00edn Hern\u00e1ndez, reconoci\u00f3 que la comparecencia de la secretaria de Educaci\u00f3n ante el Congreso del Estado fue \u201cconcreta, con datos precisos y resultados claros\u201d, a\u00fan cuando la SEV concentra una vasta cantidad de informaci\u00f3n que no siempre puede exponerse a detalle en un solo informe.<\/p>\n<p>El legislador destac\u00f3 que la titular de Educaci\u00f3n present\u00f3 un panorama s\u00f3lido del trabajo realizado, lo que permite a los trabajadores del sector tener certeza sobre el avance de los programas y pol\u00edticas educativas.<\/p>\n<p>Celebra que se haya detenido propuesta de unificaci\u00f3n sindical<\/p>\n<p>Respecto a las recientes manifestaciones de diversos sindicatos por la iniciativa que buscaba unificarlos en un solo organismo, Mar\u00edn Hern\u00e1ndez celebr\u00f3 que dicha propuesta no avanzara.<\/p>\n<p>\u201cLa libre sindicaci\u00f3n, la pluralidad y la democracia deben respetarse. Son principios fundamentales para que cada trabajador decida en qu\u00e9 sindicato quiere estar\u201d, afirm\u00f3.<\/p>\n<p>El dirigente record\u00f3 que, a nivel internacional, los principios del sindicalismo reconocen tres posibilidades: pertenecer a un sindicato, no afiliarse a ninguno o elegir libremente a qu\u00e9 organizaci\u00f3n unirse.<\/p>\n<p>Por ello, calific\u00f3 como acertada la decisi\u00f3n del Gobierno del Estado de detener la iniciativa, ya que brinda tranquilidad a los trabajadores al garantizar que podr\u00e1n mantenerse en el gremio de su preferencia.<\/p>\n<p>N\u00f3mina \u00fanica no obliga a permanecer en un solo banco<\/p>\n<p>Sobre las inquietudes planteadas en torno a la n\u00f3mina \u00fanica, el diputado explic\u00f3 que esta es una decisi\u00f3n administrativa del Gobierno del Estado en su car\u00e1cter de patr\u00f3n, lo que implica concentrar la dispersi\u00f3n de los recursos en una sola plataforma.<\/p>\n<p>Sin embargo, aclar\u00f3 que, conforme lo se\u00f1al\u00f3 la propia secretaria de Educaci\u00f3n, los trabajadores no est\u00e1n obligados a permanecer en el banco elegido para la dispersi\u00f3n inicial, ya que cada docente puede trasladar su n\u00f3mina al banco de su preferencia.<\/p>\n<p>Por \u00faltimo coment\u00f3 que, \u201ces una decisi\u00f3n de la administraci\u00f3n estatal, pero no limita los derechos de los trabajadores\u201d.<\/p>\n","protected":false},"excerpt":{"rendered":"<p>Dar\u00edo Pale Xalapa, Ver.- El diputado local y dirigente de la Secci\u00f3n 56 del SNTE, Jos\u00e9 Reveriano Mar\u00edn Hern\u00e1ndez, reconoci\u00f3 que la comparecencia de la secretaria de Educaci\u00f3n ante el Congreso del Estado fue \u201cconcreta, con datos precisos y resultados claros\u201d, a\u00fan cuando la SEV concentra una vasta cantidad de informaci\u00f3n que no siempre puede [&hellip;]<\/p>\n","protected":false},"author":2476,"featured_media":73025,"comment_status":"open","ping_status":"open","sticky":false,"template":"","format":"standard","meta":{"_jetpack_memberships_contains_paid_content":false,"footnotes":""},"categories":[2],"tags":[],"class_list":["post-73024","post","type-post","status-publish","format-standard","has-post-thumbnail","hentry","category-estado"],"jetpack_featured_media_url":"https:\/\/encuentroinformativo.com.mx\/wp-content\/uploads\/2025\/11\/IMG-20251124-WA0275.jpg","jetpack_sharing_enabled":true,"jetpack_likes_enabled":true,"amp_enabled":true,"_links":{"self":[{"href":"https:\/\/encuentroinformativo.com.mx\/index.php?rest_route=\/wp\/v2\/posts\/73024","targetHints":{"allow":["GET"]}}],"collection":[{"href":"https:\/\/encuentroinformativo.com.mx\/index.php?rest_route=\/wp\/v2\/posts"}],"about":[{"href":"https:\/\/encuentroinformativo.com.mx\/index.php?rest_route=\/wp\/v2\/types\/post"}],"author":[{"embeddable":true,"href":"https:\/\/encuentroinformativo.com.mx\/index.php?rest_route=\/wp\/v2\/users\/2476"}],"replies":[{"embeddable":true,"href":"https:\/\/encuentroinformativo.com.mx\/index.php?rest_route=%2Fwp%2Fv2%2Fcomments&post=73024"}],"version-history":[{"count":1,"href":"https:\/\/encuentroinformativo.com.mx\/index.php?rest_route=\/wp\/v2\/posts\/73024\/revisions"}],"predecessor-version":[{"id":73026,"href":"https:\/\/encuentroinformativo.com.mx\/index.php?rest_route=\/wp\/v2\/posts\/73024\/revisions\/73026"}],"wp:featuredmedia":[{"embeddable":true,"href":"https:\/\/encuentroinformativo.com.mx\/index.php?rest_route=\/wp\/v2\/media\/73025"}],"wp:attachment":[{"href":"https:\/\/encuentroinformativo.com.mx\/index.php?rest_route=%2Fwp%2Fv2%2Fmedia&parent=73024"}],"wp:term":[{"taxonomy":"category","embeddable":true,"href":"https:\/\/encuentroinformativo.com.mx\/index.php?rest_route=%2Fwp%2Fv2%2Fcategories&post=73024"},{"taxonomy":"post_tag","embeddable":true,"href":"https:\/\/encuentroinformativo.com.mx\/index.php?rest_route=%2Fwp%2Fv2%2Ftags&post=73024"}],"curies":[{"name":"wp","href":"https:\/\/api.w.org\/{rel}","templated":true}]}}