{"id":73030,"date":"2025-11-24T17:48:37","date_gmt":"2025-11-24T23:48:37","guid":{"rendered":"https:\/\/encuentroinformativo.com.mx\/?p=73030"},"modified":"2025-11-24T17:48:37","modified_gmt":"2025-11-24T23:48:37","slug":"en-el-marco-del-25n-celebra-gobernadora-avances-legislativos","status":"publish","type":"post","link":"https:\/\/encuentroinformativo.com.mx\/?p=73030","title":{"rendered":"En el marco del 25N, celebra Gobernadora avances legislativos"},"content":{"rendered":"<p><strong>Dar\u00edo Pale<\/strong><\/p>\n<p>Xalapa, Ver.- En el marco del D\u00eda Internacional para la Eliminaci\u00f3n de la Violencia contra las Mujeres (25N), la gobernadora Roc\u00edo Nahle Garc\u00eda subray\u00f3 que el Estado tiene la obligaci\u00f3n ineludible de proteger, defender y garantizar seguridad a todas las mujeres veracruzanas, a la vez que celebr\u00f3 los avances legislativos que ser\u00e1n votados este 25 de noviembre en el Congreso local para fortalecer el marco jur\u00eddico en materia de igualdad, acceso a la justicia y prevenci\u00f3n de la violencia.<\/p>\n<p>\u201cNuestro deber es claro: proteger y defender a las mujeres. Cero impunidad y todo el respaldo del Estado para ellas\u201d, afirm\u00f3 la mandataria al ser cuestionada sobre los hechos recientes que han afectado a mujeres en distintas regiones del estado.<\/p>\n<p>Armonizaci\u00f3n de leyes en el Congreso: paso firme hacia la erradicaci\u00f3n de la violencia<\/p>\n<p>Nahle destac\u00f3 la importancia de la armonizaci\u00f3n de leyes que ser\u00e1 concretada por el Poder Legislativo en el marco del 25N, se\u00f1alando que estas reformas buscan:<\/p>\n<p>Fortalecer los mecanismos de prevenci\u00f3n de la violencia.<\/p>\n<p>Mejorar la reacci\u00f3n institucional ante agresiones.<\/p>\n<p>Ampliar la protecci\u00f3n legal para ni\u00f1as, adolescentes y mujeres adultas.<\/p>\n<p>Garantizar mejores condiciones de acceso a la justicia.<\/p>\n<p>\u201cEstas reformas llegan en una fecha emblem\u00e1tica y necesaria. Las mujeres merecen vivir libres de violencias y el Estado debe dar resultados\u201d, sostuvo.<\/p>\n<p>Seguridad para alcaldesas y alcaldes electos<\/p>\n<p>En cuanto a la solicitud de seguridad por parte de autoridades municipales entrantes, la gobernadora confirm\u00f3 que tres o cuatro alcaldes electos, entre ellos mujeres, solicitaron protecci\u00f3n especial de cara a su toma de protesta el pr\u00f3ximo 1 de enero.<\/p>\n<p>\u201cCada caso es distinto y ser\u00e1 atendido con responsabilidad. Donde no haya polic\u00eda municipal, el Estado cubrir\u00e1 la seguridad. Es nuestro deber garantizarles condiciones para ejercer su funci\u00f3n\u201d, explic\u00f3.<\/p>\n<p>Avances en casos de violencia contra mujeres: \u201cCero impunidad\u201d<\/p>\n<p>Sobre el asesinato del exalcalde Juan Carlos Mezhua Campos, la mandataria reafirm\u00f3 que la Fiscal\u00eda ya trabaja con varias l\u00edneas de investigaci\u00f3n, y reiter\u00f3 que en todos los hechos violentos que involucren a mujeres y ni\u00f1as -incluidos casos recientes como el de El Higo y hechos en la zona monta\u00f1osa- existe un compromiso absoluto de justicia.<\/p>\n<p>\u201cLa p\u00e9rdida de cualquier vida es lamentable. Y cuando la violencia toca a una mujer, debemos actuar con mayor determinaci\u00f3n. No vamos a permitir impunidad.\u201d<\/p>\n<p>Tambi\u00e9n aclar\u00f3 que s\u00ed hubo comunicaci\u00f3n directa con la familia en el caso de In\u00e9s Guamay, tras cuestionamientos sobre la falta de un pronunciamiento p\u00fablico.<\/p>\n<p>Un 25N con exigencia y compromiso<\/p>\n<p>La gobernadora se\u00f1al\u00f3 que este 25 de noviembre debe servir para hacer memoria, exigir justicia y fortalecer la acci\u00f3n del gobierno:<\/p>\n<p>\u201cQue el 25N nos recuerde que ninguna mujer debe vivir con miedo. El Estado est\u00e1 obligado a cuidarlas, escucharlas y asegurarles una vida libre de violencias\u201d, insisti\u00f3.<\/p>\n<p>Nahle confirm\u00f3 que la Fiscal\u00eda tambi\u00e9n le entreg\u00f3 un reporte preliminar sobre la agresi\u00f3n ocurrida en El Higo, donde -seg\u00fan dijo- ya existen indicios s\u00f3lidos, aunque ser\u00e1 la autoridad competente la que los d\u00e9 a conocer oficialmente.<\/p>\n<p>\u201cEn el caso de El Higo van muy avanzados\u201d, asegur\u00f3.<\/p>\n<p>Promoci\u00f3n hist\u00f3rica y tur\u00edstica de Veracruz: inauguraci\u00f3n de la Casa Benito Ju\u00e1rez<\/p>\n<p>La gobernadora tambi\u00e9n destac\u00f3 la visita de la presidenta Claudia Sheinbaum, quien inaugur\u00f3 la Casa Museo Benito Ju\u00e1rez, restaurada tras once meses de trabajo. El recinto, donde el Benem\u00e9rito habit\u00f3 durante nueve meses mientras se exped\u00edan las Leyes de Reforma, se suma al proyecto de rescate hist\u00f3rico y tur\u00edstico del puerto.<\/p>\n<p>Durante la ceremonia, Nahle entreg\u00f3 a la presidenta el primer libro original del Registro Civil de M\u00e9xico, que contiene el acta de nacimiento de Jer\u00f3nima Ju\u00e1rez, hija del expresidente, registrada en Veracruz.<\/p>\n<p>Primer Informe de Gobierno ser\u00e1 en Plaza Lerdo<\/p>\n<p>La mandataria anunci\u00f3 que el pr\u00f3ximo domingo 30 de noviembre presentar\u00e1 su primer informe de gobierno en Plaza Lerdo, en un evento abierto al p\u00fablico, \u201clo hacemos tipo tertulia, en la ma\u00f1ana, con nuestro folclor\u201d.<\/p>\n<p>Escuelas afectadas: menos de 300 atendidas en nivel medio superior<\/p>\n<p>Respecto a da\u00f1os recientes en instituciones educativas, Nahle inform\u00f3 que en el nivel medio superior se han atendido menos de 300 planteles, con apoyo de aseguradoras y personal de la Secretar\u00eda de Educaci\u00f3n.<\/p>\n","protected":false},"excerpt":{"rendered":"<p>Dar\u00edo Pale Xalapa, Ver.- En el marco del D\u00eda Internacional para la Eliminaci\u00f3n de la Violencia contra las Mujeres (25N), la gobernadora Roc\u00edo Nahle Garc\u00eda subray\u00f3 que el Estado tiene la obligaci\u00f3n ineludible de proteger, defender y garantizar seguridad a todas las mujeres veracruzanas, a la vez que celebr\u00f3 los avances legislativos que ser\u00e1n votados [&hellip;]<\/p>\n","protected":false},"author":2476,"featured_media":32678,"comment_status":"open","ping_status":"open","sticky":false,"template":"","format":"standard","meta":{"_jetpack_memberships_contains_paid_content":false,"footnotes":""},"categories":[2],"tags":[],"class_list":["post-73030","post","type-post","status-publish","format-standard","has-post-thumbnail","hentry","category-estado"],"jetpack_featured_media_url":"https:\/\/encuentroinformativo.com.mx\/wp-content\/uploads\/2022\/10\/BA7F1C51-6DC0-4750-B7C2-5C051FC10BA5.jpeg","jetpack_sharing_enabled":true,"jetpack_likes_enabled":true,"amp_enabled":true,"_links":{"self":[{"href":"https:\/\/encuentroinformativo.com.mx\/index.php?rest_route=\/wp\/v2\/posts\/73030","targetHints":{"allow":["GET"]}}],"collection":[{"href":"https:\/\/encuentroinformativo.com.mx\/index.php?rest_route=\/wp\/v2\/posts"}],"about":[{"href":"https:\/\/encuentroinformativo.com.mx\/index.php?rest_route=\/wp\/v2\/types\/post"}],"author":[{"embeddable":true,"href":"https:\/\/encuentroinformativo.com.mx\/index.php?rest_route=\/wp\/v2\/users\/2476"}],"replies":[{"embeddable":true,"href":"https:\/\/encuentroinformativo.com.mx\/index.php?rest_route=%2Fwp%2Fv2%2Fcomments&post=73030"}],"version-history":[{"count":1,"href":"https:\/\/encuentroinformativo.com.mx\/index.php?rest_route=\/wp\/v2\/posts\/73030\/revisions"}],"predecessor-version":[{"id":73032,"href":"https:\/\/encuentroinformativo.com.mx\/index.php?rest_route=\/wp\/v2\/posts\/73030\/revisions\/73032"}],"wp:featuredmedia":[{"embeddable":true,"href":"https:\/\/encuentroinformativo.com.mx\/index.php?rest_route=\/wp\/v2\/media\/32678"}],"wp:attachment":[{"href":"https:\/\/encuentroinformativo.com.mx\/index.php?rest_route=%2Fwp%2Fv2%2Fmedia&parent=73030"}],"wp:term":[{"taxonomy":"category","embeddable":true,"href":"https:\/\/encuentroinformativo.com.mx\/index.php?rest_route=%2Fwp%2Fv2%2Fcategories&post=73030"},{"taxonomy":"post_tag","embeddable":true,"href":"https:\/\/encuentroinformativo.com.mx\/index.php?rest_route=%2Fwp%2Fv2%2Ftags&post=73030"}],"curies":[{"name":"wp","href":"https:\/\/api.w.org\/{rel}","templated":true}]}}