{"id":7304,"date":"2020-10-24T15:00:01","date_gmt":"2020-10-24T20:00:01","guid":{"rendered":"https:\/\/encuentroinformativo.com.mx\/?p=7304"},"modified":"2020-10-24T15:00:04","modified_gmt":"2020-10-24T20:00:04","slug":"descartan-visita-de-papa-francisco-a-mexico","status":"publish","type":"post","link":"https:\/\/encuentroinformativo.com.mx\/?p=7304","title":{"rendered":"Descartan visita de papa Francisco a M\u00e9xico"},"content":{"rendered":"\n<p><strong>Dar\u00edo Pale <\/strong><\/p>\n\n\n\n<p>Xalapa, Ver.- Es justo disculparse por lo que no se hizo bien durante la Conquista por parte de la Iglesia Cat\u00f3lica, aunque para ello el Papa Francisco no vendr\u00e1 a M\u00e9xico el pr\u00f3ximo a\u00f1o, a la conmemoraci\u00f3n de los 500 a\u00f1os de la Conquista Espa\u00f1ola, as\u00ed lo dio a conocer el\u00a0nuncio apost\u00f3lico Franco Coppola.<\/p>\n\n\n\n<p>En conferencia de prensa realizada en el sal\u00f3n Sergio Obeso del museo de San Rafael Gu\u00edzar y Valencia,\u00a0acompa\u00f1ado del arzobispo de la Arquidi\u00f3cesis de Xalapa, Hip\u00f3lito Reyes Larios, y del vocero de la arquidi\u00f3cesis Jos\u00e9 Manuel Suazo Reyes se\u00f1al\u00f3 que,\u00a0&#8220;no s\u00e9, no tengo informaci\u00f3n sobre una posible visita del Papa. Yo puedo decir que ya vino aqu\u00ed hace 4 a\u00f1os y hay much\u00edsimos pa\u00edses que quieren que el Papa vaya a visitarlos y el Papa todav\u00eda no ha ido. Entonces ser\u00eda poca atenci\u00f3n hacia los dem\u00e1s pa\u00edses no ir y venir dos veces a M\u00e9xico. Veo dif\u00edcil que se pueda realizar pr\u00f3ximamente una visita del Papa&#8221;.<\/p>\n\n\n\n<p>Expuso que el Papa Francisco ya le respondi\u00f3 al presidente de la Rep\u00fablica, Andr\u00e9s Manuel L\u00f3pez Obrador, a trav\u00e9s de una carta, por la disculpa que est\u00e1 solicitando, y\u00a0que Andr\u00e9s Manuel L\u00f3pez Obrador ya hab\u00eda enviado una carta para pedir que se disculparan con los &#8220;nativos&#8221;, pero enfatiz\u00f3 que el Mandatario no pide disculpas para si, porque no se trata de una carta de superioridad.<\/p>\n\n\n\n<p>&#8220;El Papa ya le contest\u00f3 al Presidente, le escribi\u00f3 una carta reconociendo la realidad hist\u00f3rica en este encuentro de culturas&#8230;la Iglesia Mexicana ha anunciado que el pr\u00f3ximo a\u00f1o, en los 500 a\u00f1os, har\u00e1 una declaraci\u00f3n&#8221;, se\u00f1al\u00f3.<\/p>\n\n\n\n<p>Consider\u00f3 que el aniversario de la Conquista ser\u00e1 la oportunidad, como cada a\u00f1o, de reconocer lo que no se hizo bien y tambi\u00e9n para agradecer a Dios lo que s\u00ed se hizo bien, &#8220;yo no he dicho que el Presidente tendr\u00e1 que disculparse por algo que \u00e9l no ha hecho, sino que en la misma carta de \u00e9l dice que los que tienen que disculparse son el Estado Mexicano, la Iglesia\u00a0 Cat\u00f3lica y la Corona Espa\u00f1ola, son los tres que entraron en contacto con los nativos&#8221;.<\/p>\n\n\n\n<p>Dio a conocer que si desde la Presidencia se ha dicho que el Estado Mexicano va a disculparse, no tendr\u00eda sentido decirlo en la carta y despu\u00e9s no hacerlo.<\/p>\n\n\n\n<p>&#8220;No s\u00e9 si el Papa va a hacerlo otra vez, porque el Papa Francisco ya lo ha hecho otras veces. En otras ocasiones ha pedido disculpas a nombre de la Iglesia Cat\u00f3lica por lo sucedido, por los excesos, las tragedias que pasaron durante la primera evangelizaci\u00f3n. Ya lo hizo varias veces y tambi\u00e9n sus antecesores, Juan Pablo lo hizo, otras veces Benedicto 16, tambi\u00e9n. No es una cosa nueva&#8221;, agreg\u00f3.<\/p>\n\n\n\n<p>Mencion\u00f3 que la Iglesia Mexicana tiene entendido hacer un pronunciamiento sobre eso, lo haga el Papa o el presidente de la Conferencia del Episcopado Mexicano (CEM).<\/p>\n\n\n\n<p>&#8220;No tengo informaci\u00f3n de que piensa ser el Papa o si esto el Presidente lo considera suficiente o no. No es una actitud extra\u00f1a para nosotros, lo reconocemos. No somos santos y tambi\u00e9n los santos fueron pecadores&#8221;, finaliz\u00f3.<\/p>\n","protected":false},"excerpt":{"rendered":"<p>Dar\u00edo Pale Xalapa, Ver.- Es justo disculparse por lo que no se hizo bien durante la Conquista por parte de la Iglesia Cat\u00f3lica, aunque para ello el Papa Francisco no vendr\u00e1 a M\u00e9xico el pr\u00f3ximo a\u00f1o, a la conmemoraci\u00f3n de los 500 a\u00f1os de la Conquista Espa\u00f1ola, as\u00ed lo dio a conocer el\u00a0nuncio apost\u00f3lico Franco [&hellip;]<\/p>\n","protected":false},"author":1,"featured_media":7305,"comment_status":"open","ping_status":"open","sticky":false,"template":"","format":"standard","meta":{"_jetpack_memberships_contains_paid_content":false,"footnotes":""},"categories":[2],"tags":[],"class_list":["post-7304","post","type-post","status-publish","format-standard","has-post-thumbnail","hentry","category-estado"],"jetpack_featured_media_url":"https:\/\/encuentroinformativo.com.mx\/wp-content\/uploads\/2020\/10\/17F1B26A-3D64-4609-B6C0-33E521ACD6A7.jpeg","jetpack_sharing_enabled":true,"jetpack_likes_enabled":true,"amp_enabled":true,"_links":{"self":[{"href":"https:\/\/encuentroinformativo.com.mx\/index.php?rest_route=\/wp\/v2\/posts\/7304","targetHints":{"allow":["GET"]}}],"collection":[{"href":"https:\/\/encuentroinformativo.com.mx\/index.php?rest_route=\/wp\/v2\/posts"}],"about":[{"href":"https:\/\/encuentroinformativo.com.mx\/index.php?rest_route=\/wp\/v2\/types\/post"}],"author":[{"embeddable":true,"href":"https:\/\/encuentroinformativo.com.mx\/index.php?rest_route=\/wp\/v2\/users\/1"}],"replies":[{"embeddable":true,"href":"https:\/\/encuentroinformativo.com.mx\/index.php?rest_route=%2Fwp%2Fv2%2Fcomments&post=7304"}],"version-history":[{"count":1,"href":"https:\/\/encuentroinformativo.com.mx\/index.php?rest_route=\/wp\/v2\/posts\/7304\/revisions"}],"predecessor-version":[{"id":7306,"href":"https:\/\/encuentroinformativo.com.mx\/index.php?rest_route=\/wp\/v2\/posts\/7304\/revisions\/7306"}],"wp:featuredmedia":[{"embeddable":true,"href":"https:\/\/encuentroinformativo.com.mx\/index.php?rest_route=\/wp\/v2\/media\/7305"}],"wp:attachment":[{"href":"https:\/\/encuentroinformativo.com.mx\/index.php?rest_route=%2Fwp%2Fv2%2Fmedia&parent=7304"}],"wp:term":[{"taxonomy":"category","embeddable":true,"href":"https:\/\/encuentroinformativo.com.mx\/index.php?rest_route=%2Fwp%2Fv2%2Fcategories&post=7304"},{"taxonomy":"post_tag","embeddable":true,"href":"https:\/\/encuentroinformativo.com.mx\/index.php?rest_route=%2Fwp%2Fv2%2Ftags&post=7304"}],"curies":[{"name":"wp","href":"https:\/\/api.w.org\/{rel}","templated":true}]}}