{"id":73041,"date":"2025-11-25T10:48:07","date_gmt":"2025-11-25T16:48:07","guid":{"rendered":"https:\/\/encuentroinformativo.com.mx\/?p=73041"},"modified":"2025-11-25T10:48:07","modified_gmt":"2025-11-25T16:48:07","slug":"extrabajadores-del-seguro-popular-retoman-protestas-para-reclamar-pagos","status":"publish","type":"post","link":"https:\/\/encuentroinformativo.com.mx\/?p=73041","title":{"rendered":"Extrabajadores del Seguro Popular retoman protestas para reclamar pagos"},"content":{"rendered":"<p><strong>Dar\u00edo Pale<\/strong><\/p>\n<p>Xalapa, Ver.- Los extrabajadores del extinto Seguro Popular en Veracruz cumplieron nueve a\u00f1os en su lucha por el pago de laudos laborales, sin que hasta ahora el Estado haya cumplido con los compromisos asumidos en administraciones anteriores.<\/p>\n<p>As\u00ed lo denunci\u00f3 \u00c1ngel Carrera Ram\u00edrez, secretario general del grupo, quien encabez\u00f3 una nueva manifestaci\u00f3n para exigir el cumplimiento de los acuerdos pendientes.<\/p>\n<p>Carrera record\u00f3 que el conflicto se origin\u00f3 en 2016, tras la desaparici\u00f3n del Seguro Popular durante el gobierno de Miguel \u00c1ngel Yunes Linares, situaci\u00f3n que dej\u00f3 a decenas de empleados sin salario, prestaciones ni seguridad social. Desde entonces -dijo- han atravesado dos administraciones estatales y ahora enfrentan rezagos tambi\u00e9n en la actual.<\/p>\n<p>Acuerdo incumplido de 30 millones<\/p>\n<p>El dirigente explic\u00f3 que en el \u00faltimo a\u00f1o del gobierno de Cuitl\u00e1huac Garc\u00eda Jim\u00e9nez se alcanz\u00f3 un acuerdo para pagar alrededor de 30 millones de pesos a un grupo de 68 extrabajadores, monto destinado a cubrir juicios laborales ya ganados.<\/p>\n<p>Sin embargo, el pago no se concret\u00f3, pese a que la pasada administraci\u00f3n habr\u00eda dejado un remanente disponible.<\/p>\n<p>\u201cSabemos que ese recurso estaba en el Estado. No sabemos d\u00f3nde qued\u00f3 ni para qu\u00e9 lo ocuparon, pero estaba destinado para mis compa\u00f1eros\u201d, afirm\u00f3 Carrera. Record\u00f3 que incluso el 24 de enero pasado se pag\u00f3 a un peque\u00f1o grupo, lo que demuestra que s\u00ed exist\u00edan fondos.<\/p>\n<p>El dirigente explic\u00f3 que la falta de cumplimiento ha dejado a muchos ex trabajadores en situaci\u00f3n cr\u00edtica:<\/p>\n<p>Varios no han logrado empleos estables.<\/p>\n<p>Otros enfrentan deudas y cr\u00e9ditos pendientes desde que fueron despedidos.<\/p>\n<p>La mayor\u00eda carece de acceso a servicios de salud, lo que agrava su vulnerabilidad.<\/p>\n<p>\u201cEs un desgaste terrible. No tenemos instituci\u00f3n a la que acudir si alguien en nuestra familia se enferma. Nos sale car\u00edsimo\u201d, relat\u00f3.<\/p>\n<p>Carrera denunci\u00f3 que las dependencias estatales han actuado con indiferencia, relat\u00f3 que hace cuatro meses se prometi\u00f3 enviar un oficio a la Secretar\u00eda de Finanzas; hasta ahora, no hay respuesta.<\/p>\n<p>Adem\u00e1s, una cita programada esta semana con la Coordinaci\u00f3n de Pol\u00edtica Regional fue cancelada sin explicaci\u00f3n.<\/p>\n<p>\u201cNos dan atole con el dedo: que ma\u00f1ana, que en 15 d\u00edas\u2026 juegan con el tiempo, con la econom\u00eda y con los sentimientos de mis compa\u00f1eros\u201d, se\u00f1al\u00f3.<\/p>\n<p>Explic\u00f3 que muchos manifestantes se trasladan desde municipios como Tantoyuca, Papantla, Alvarado, Guti\u00e9rrez Zamora, Orizaba y C\u00f3rdoba, haciendo un gran esfuerzo econ\u00f3mico.<\/p>\n<p>El representante tambi\u00e9n cuestion\u00f3 el destino de los 2 mil 700 millones de pesos que, seg\u00fan record\u00f3, estaban destinados en la administraci\u00f3n pasada al CIPal, un organismo creado para el pago de pasivos y laudos.<\/p>\n<p>\u201cEse dinero desapareci\u00f3 tal cual desapareci\u00f3 el organismo. Con esa cantidad no habr\u00eda extrabajadores reclamando nada\u201d, dijo.<\/p>\n<p>Los trabajadores permanecen en protesta frente a oficinas gubernamentales, aunque no han sido atendidos, y pese al cansancio, advirtieron que no se retirar\u00e1n.<\/p>\n<p>\u201cUn d\u00eda de atenci\u00f3n real bastar\u00eda para resolver. El propio secretario de Finanzas dijo en comparecencia que s\u00ed hay dinero. Entonces, \u00bfqu\u00e9 falta? Solo voluntad\u201d.<\/p>\n<p>El grupo tambi\u00e9n record\u00f3 que a\u00fan falta resolver la situaci\u00f3n de otro bloque de 55 extrabajadores, cuyos laudos tambi\u00e9n se encuentran firmes y sin proceso administrativo en marcha para su pago.<\/p>\n<p>Finalmente, \u00c1ngel Carrera hizo un llamado a la gobernadora Norma Roc\u00edo Nahle Garc\u00eda para que instruya a las \u00e1reas correspondientes y se cumpla de una vez por todas con el pago a los extrabajadores.<\/p>\n<p>\u201cNo pedimos nada nuevo; pedimos lo que ya est\u00e1 ganado legalmente. Nueve a\u00f1os son demasiado. Necesitamos que alguien nos tome en serio\u201d, concluy\u00f3.<\/p>\n","protected":false},"excerpt":{"rendered":"<p>Dar\u00edo Pale Xalapa, Ver.- Los extrabajadores del extinto Seguro Popular en Veracruz cumplieron nueve a\u00f1os en su lucha por el pago de laudos laborales, sin que hasta ahora el Estado haya cumplido con los compromisos asumidos en administraciones anteriores. As\u00ed lo denunci\u00f3 \u00c1ngel Carrera Ram\u00edrez, secretario general del grupo, quien encabez\u00f3 una nueva manifestaci\u00f3n para [&hellip;]<\/p>\n","protected":false},"author":2476,"featured_media":73042,"comment_status":"open","ping_status":"open","sticky":false,"template":"","format":"standard","meta":{"_jetpack_memberships_contains_paid_content":false,"footnotes":""},"categories":[9],"tags":[],"class_list":["post-73041","post","type-post","status-publish","format-standard","has-post-thumbnail","hentry","category-salud"],"jetpack_featured_media_url":"https:\/\/encuentroinformativo.com.mx\/wp-content\/uploads\/2025\/11\/IMG-20251125-WA0136.jpg","jetpack_sharing_enabled":true,"jetpack_likes_enabled":true,"amp_enabled":true,"_links":{"self":[{"href":"https:\/\/encuentroinformativo.com.mx\/index.php?rest_route=\/wp\/v2\/posts\/73041","targetHints":{"allow":["GET"]}}],"collection":[{"href":"https:\/\/encuentroinformativo.com.mx\/index.php?rest_route=\/wp\/v2\/posts"}],"about":[{"href":"https:\/\/encuentroinformativo.com.mx\/index.php?rest_route=\/wp\/v2\/types\/post"}],"author":[{"embeddable":true,"href":"https:\/\/encuentroinformativo.com.mx\/index.php?rest_route=\/wp\/v2\/users\/2476"}],"replies":[{"embeddable":true,"href":"https:\/\/encuentroinformativo.com.mx\/index.php?rest_route=%2Fwp%2Fv2%2Fcomments&post=73041"}],"version-history":[{"count":1,"href":"https:\/\/encuentroinformativo.com.mx\/index.php?rest_route=\/wp\/v2\/posts\/73041\/revisions"}],"predecessor-version":[{"id":73043,"href":"https:\/\/encuentroinformativo.com.mx\/index.php?rest_route=\/wp\/v2\/posts\/73041\/revisions\/73043"}],"wp:featuredmedia":[{"embeddable":true,"href":"https:\/\/encuentroinformativo.com.mx\/index.php?rest_route=\/wp\/v2\/media\/73042"}],"wp:attachment":[{"href":"https:\/\/encuentroinformativo.com.mx\/index.php?rest_route=%2Fwp%2Fv2%2Fmedia&parent=73041"}],"wp:term":[{"taxonomy":"category","embeddable":true,"href":"https:\/\/encuentroinformativo.com.mx\/index.php?rest_route=%2Fwp%2Fv2%2Fcategories&post=73041"},{"taxonomy":"post_tag","embeddable":true,"href":"https:\/\/encuentroinformativo.com.mx\/index.php?rest_route=%2Fwp%2Fv2%2Ftags&post=73041"}],"curies":[{"name":"wp","href":"https:\/\/api.w.org\/{rel}","templated":true}]}}