{"id":73050,"date":"2025-11-25T11:56:24","date_gmt":"2025-11-25T17:56:24","guid":{"rendered":"https:\/\/encuentroinformativo.com.mx\/?p=73050"},"modified":"2025-11-25T11:56:24","modified_gmt":"2025-11-25T17:56:24","slug":"buscara-frente-por-la-familia-reconocer-a-mujeres-de-xalapa-y-la-region","status":"publish","type":"post","link":"https:\/\/encuentroinformativo.com.mx\/?p=73050","title":{"rendered":"Buscar\u00e1 Frente por la Familia reconocer a mujeres de Xalapa y la regi\u00f3n"},"content":{"rendered":"<p dir=\"ltr\"><strong>Dar\u00edo Pale<\/strong><\/p>\n<p dir=\"ltr\">Xalapa, Ver.- El Frente Nacional por la Familia (FNF) Xalapa anunci\u00f3 el lanzamiento de una convocatoria p\u00fablica para reconocer a mujeres de Xalapa y municipios aleda\u00f1os -como Banderilla, Coatepec y Chiconquiaco- que se han distinguido por su labor en la defensa de la vida, la familia y los derechos humanos.<\/p>\n<p dir=\"ltr\">Durante el anuncio, representantes del Frente se\u00f1alaron que \u201clos buenos siempre somos m\u00e1s\u201d y destacaron que existen numerosas mujeres que, desde distintos \u00e1mbitos como el hogar, la escuela, la academia, la labor comunitaria o la participaci\u00f3n c\u00edvica, trabajan diariamente por proteger la vida, acompa\u00f1ar a quienes m\u00e1s lo necesitan y fortalecer los valores familiares.<\/p>\n<p dir=\"ltr\">El Frente inform\u00f3 que, desde noviembre y hasta el 30 de enero, recibir\u00e1n propuestas ciudadanas para seleccionar a las mujeres que ser\u00e1n reconocidas el 1 de marzo de 2026, en un evento especial cuya log\u00edstica ser\u00e1 detallada m\u00e1s adelante.<\/p>\n<p dir=\"ltr\">Siete categor\u00edas de reconocimiento<\/p>\n<p dir=\"ltr\">La convocatoria contempla siete \u00e1reas en las que podr\u00e1n ser postuladas las candidatas:<\/p>\n<p dir=\"ltr\">1. Promoci\u00f3n de la cultura de la vida: Mujeres que han trabajado contra el aborto, la eutanasia y a favor de la dignidad humana.<\/p>\n<p dir=\"ltr\">2. Acompa\u00f1amiento a mujeres embarazadas vulnerables: Participantes en casas de acogida, centros de ayuda o programas de adopci\u00f3n.<\/p>\n<p dir=\"ltr\">3. Promotora de la familia natural: Impulsoras del matrimonio entre hombre y mujer, de la paternidad responsable y la estabilidad familiar.<\/p>\n<p dir=\"ltr\">4. Educaci\u00f3n en valores familiares: Maestras, escritoras o conferencistas que difunden la importancia de la familia.<\/p>\n<p dir=\"ltr\">5. Liderazgo en la transmisi\u00f3n de valores: Mujeres que desde los medios, la pol\u00edtica o la educaci\u00f3n promueven la vida, la verdad, la libertad responsable y la moral.<\/p>\n<p dir=\"ltr\">6. Ejemplo de coherencia y testimonio: Mujeres cuya vida personal y profesional refleja los principios del Frente.<\/p>\n<p dir=\"ltr\">7. Trayectoria de vida: Para quienes han dedicado una larga carrera a estas causas.<\/p>\n<p dir=\"ltr\">El Frente invit\u00f3 a la poblaci\u00f3n a difundir la convocatoria y enviar propuestas o solicitudes de informaci\u00f3n al correo <a href=\"mailto:fnfxalapa@hotmail.com\">fnfxalapa@hotmail.com<\/a> o a trav\u00e9s de la p\u00e1gina oficial de Facebook del Frente Nacional por la Familia Xalapa.<\/p>\n<p dir=\"ltr\">\u201cHonremos a las mujeres que luchan por hacer de nuestra sociedad algo mejor. Trabajemos para que en M\u00e9xico existan las condiciones econ\u00f3micas, sociales y pol\u00edticas que hagan del aborto algo impensable, y se respeten plenamente los aut\u00e9nticos derechos humanos\u201d, expresaron los voceros.<\/p>\n<p dir=\"ltr\">Entre los participantes en la presentaci\u00f3n estuvieron Gustavo Valderas, presidente del FNF Xalapa; Etel Gonz\u00e1lez, ex vicepresidenta del Frente; Victoria L\u00f3pez, integrante del comit\u00e9, y la profesora Carmen Isla Palaza, colaboradora del movimiento.<\/p>\n","protected":false},"excerpt":{"rendered":"<p>Dar\u00edo Pale Xalapa, Ver.- El Frente Nacional por la Familia (FNF) Xalapa anunci\u00f3 el lanzamiento de una convocatoria p\u00fablica para reconocer a mujeres de Xalapa y municipios aleda\u00f1os -como Banderilla, Coatepec y Chiconquiaco- que se han distinguido por su labor en la defensa de la vida, la familia y los derechos humanos. Durante el anuncio, [&hellip;]<\/p>\n","protected":false},"author":2476,"featured_media":73051,"comment_status":"open","ping_status":"open","sticky":false,"template":"","format":"standard","meta":{"_jetpack_memberships_contains_paid_content":false,"footnotes":""},"categories":[8],"tags":[],"class_list":["post-73050","post","type-post","status-publish","format-standard","has-post-thumbnail","hentry","category-region"],"jetpack_featured_media_url":"https:\/\/encuentroinformativo.com.mx\/wp-content\/uploads\/2025\/11\/IMG-20251125-WA0207.jpg","jetpack_sharing_enabled":true,"jetpack_likes_enabled":true,"amp_enabled":true,"_links":{"self":[{"href":"https:\/\/encuentroinformativo.com.mx\/index.php?rest_route=\/wp\/v2\/posts\/73050","targetHints":{"allow":["GET"]}}],"collection":[{"href":"https:\/\/encuentroinformativo.com.mx\/index.php?rest_route=\/wp\/v2\/posts"}],"about":[{"href":"https:\/\/encuentroinformativo.com.mx\/index.php?rest_route=\/wp\/v2\/types\/post"}],"author":[{"embeddable":true,"href":"https:\/\/encuentroinformativo.com.mx\/index.php?rest_route=\/wp\/v2\/users\/2476"}],"replies":[{"embeddable":true,"href":"https:\/\/encuentroinformativo.com.mx\/index.php?rest_route=%2Fwp%2Fv2%2Fcomments&post=73050"}],"version-history":[{"count":1,"href":"https:\/\/encuentroinformativo.com.mx\/index.php?rest_route=\/wp\/v2\/posts\/73050\/revisions"}],"predecessor-version":[{"id":73052,"href":"https:\/\/encuentroinformativo.com.mx\/index.php?rest_route=\/wp\/v2\/posts\/73050\/revisions\/73052"}],"wp:featuredmedia":[{"embeddable":true,"href":"https:\/\/encuentroinformativo.com.mx\/index.php?rest_route=\/wp\/v2\/media\/73051"}],"wp:attachment":[{"href":"https:\/\/encuentroinformativo.com.mx\/index.php?rest_route=%2Fwp%2Fv2%2Fmedia&parent=73050"}],"wp:term":[{"taxonomy":"category","embeddable":true,"href":"https:\/\/encuentroinformativo.com.mx\/index.php?rest_route=%2Fwp%2Fv2%2Fcategories&post=73050"},{"taxonomy":"post_tag","embeddable":true,"href":"https:\/\/encuentroinformativo.com.mx\/index.php?rest_route=%2Fwp%2Fv2%2Ftags&post=73050"}],"curies":[{"name":"wp","href":"https:\/\/api.w.org\/{rel}","templated":true}]}}