{"id":73075,"date":"2025-11-26T11:54:44","date_gmt":"2025-11-26T17:54:44","guid":{"rendered":"https:\/\/encuentroinformativo.com.mx\/?p=73075"},"modified":"2025-11-26T11:54:44","modified_gmt":"2025-11-26T17:54:44","slug":"se-suma-escuadron-nacional-a-busqueda-de-joven-angel-antonio","status":"publish","type":"post","link":"https:\/\/encuentroinformativo.com.mx\/?p=73075","title":{"rendered":"Se suma Escuadr\u00f3n Nacional a b\u00fasqueda de joven \u00c1ngel Antonio"},"content":{"rendered":"<p><strong>Dar\u00edo Pale<\/strong><\/p>\n<p>\u00darsulo Galv\u00e1n, Ver.- Integrantes del Escuadr\u00f3n Nacional de Rescate (ENR) se sumaron este mi\u00e9rcoles a las labores de b\u00fasqueda de \u00c1ngel Antonio Mart\u00ednez Landa, adolescente de 14 a\u00f1os desaparecido desde el pasado domingo en la playa de Chachalacas, luego de ser arrastrado por una fuerte ola mientras se encontraba en el mar junto a su padre.<\/p>\n<p>El ENR acudi\u00f3 a la zona costera para apoyar con brigadistas capacitados, quienes realizan recorridos tanto en el \u00e1rea rocosa donde el menor fue visto por \u00faltima vez como en distintos puntos de la franja costera, a fin de ampliar la cobertura de b\u00fasqueda.<\/p>\n<p>De acuerdo con los familiares, \u00c1ngel Antonio fue jalado por una ola cuando intentaba tomarse una fotograf\u00eda con su padre. Aunque este trat\u00f3 de rescatarlo, una segunda ola lo golpe\u00f3 con mayor fuerza y el menor desapareci\u00f3 detr\u00e1s de un muro de piedras. Los primeros auxilios tardaron en llegar y, desde entonces, su localizaci\u00f3n no ha sido posible.<\/p>\n<p>La familia, originaria de Xalapa, ha solicitado la intervenci\u00f3n de todas las corporaciones posibles, incluyendo Marina, Protecci\u00f3n Civil, polic\u00edas y cuerpos especializados. Con la llegada del Escuadr\u00f3n Nacional de Rescate, esperan que las labores se fortalezcan y se agilice la localizaci\u00f3n del adolescente.<\/p>\n<p>Los brigadistas contin\u00faan en el \u00e1rea, sum\u00e1ndose a los esfuerzos que desde el domingo realizan autoridades y voluntarios.<\/p>\n<p>La familia de \u00c1ngel Antonio mantiene su petici\u00f3n urgente a los tres niveles de gobierno para que no se detenga la b\u00fasqueda hasta encontrarlo.<\/p>\n","protected":false},"excerpt":{"rendered":"<p>Dar\u00edo Pale \u00darsulo Galv\u00e1n, Ver.- Integrantes del Escuadr\u00f3n Nacional de Rescate (ENR) se sumaron este mi\u00e9rcoles a las labores de b\u00fasqueda de \u00c1ngel Antonio Mart\u00ednez Landa, adolescente de 14 a\u00f1os desaparecido desde el pasado domingo en la playa de Chachalacas, luego de ser arrastrado por una fuerte ola mientras se encontraba en el mar junto [&hellip;]<\/p>\n","protected":false},"author":2476,"featured_media":73076,"comment_status":"open","ping_status":"open","sticky":false,"template":"","format":"standard","meta":{"_jetpack_memberships_contains_paid_content":false,"footnotes":""},"categories":[8],"tags":[],"class_list":["post-73075","post","type-post","status-publish","format-standard","has-post-thumbnail","hentry","category-region"],"jetpack_featured_media_url":"https:\/\/encuentroinformativo.com.mx\/wp-content\/uploads\/2025\/11\/IMG-20251126-WA01002.jpg","jetpack_sharing_enabled":true,"jetpack_likes_enabled":true,"amp_enabled":true,"_links":{"self":[{"href":"https:\/\/encuentroinformativo.com.mx\/index.php?rest_route=\/wp\/v2\/posts\/73075","targetHints":{"allow":["GET"]}}],"collection":[{"href":"https:\/\/encuentroinformativo.com.mx\/index.php?rest_route=\/wp\/v2\/posts"}],"about":[{"href":"https:\/\/encuentroinformativo.com.mx\/index.php?rest_route=\/wp\/v2\/types\/post"}],"author":[{"embeddable":true,"href":"https:\/\/encuentroinformativo.com.mx\/index.php?rest_route=\/wp\/v2\/users\/2476"}],"replies":[{"embeddable":true,"href":"https:\/\/encuentroinformativo.com.mx\/index.php?rest_route=%2Fwp%2Fv2%2Fcomments&post=73075"}],"version-history":[{"count":1,"href":"https:\/\/encuentroinformativo.com.mx\/index.php?rest_route=\/wp\/v2\/posts\/73075\/revisions"}],"predecessor-version":[{"id":73077,"href":"https:\/\/encuentroinformativo.com.mx\/index.php?rest_route=\/wp\/v2\/posts\/73075\/revisions\/73077"}],"wp:featuredmedia":[{"embeddable":true,"href":"https:\/\/encuentroinformativo.com.mx\/index.php?rest_route=\/wp\/v2\/media\/73076"}],"wp:attachment":[{"href":"https:\/\/encuentroinformativo.com.mx\/index.php?rest_route=%2Fwp%2Fv2%2Fmedia&parent=73075"}],"wp:term":[{"taxonomy":"category","embeddable":true,"href":"https:\/\/encuentroinformativo.com.mx\/index.php?rest_route=%2Fwp%2Fv2%2Fcategories&post=73075"},{"taxonomy":"post_tag","embeddable":true,"href":"https:\/\/encuentroinformativo.com.mx\/index.php?rest_route=%2Fwp%2Fv2%2Ftags&post=73075"}],"curies":[{"name":"wp","href":"https:\/\/api.w.org\/{rel}","templated":true}]}}