{"id":73078,"date":"2025-11-26T13:34:30","date_gmt":"2025-11-26T19:34:30","guid":{"rendered":"https:\/\/encuentroinformativo.com.mx\/?p=73078"},"modified":"2025-11-26T13:34:30","modified_gmt":"2025-11-26T19:34:30","slug":"organizaciones-mantienen-rechazo-a-reforma-de-sindicato-unico","status":"publish","type":"post","link":"https:\/\/encuentroinformativo.com.mx\/?p=73078","title":{"rendered":"Organizaciones mantienen rechazo a reforma de &#8220;sindicato \u00fanico&#8221;"},"content":{"rendered":"<p><strong>Dar\u00edo Pale<\/strong><\/p>\n<p>Xalapa, Ver.- Organizaciones sindicales de todo el estado manifestaron su rechazo a la iniciativa del Gobierno de Veracruz que, aseguran, pretende centralizar la vida gremial y limitar la libertad de asociaci\u00f3n al establecer un \u201csindicato \u00fanico\u201d en cada dependencia p\u00fablica.<\/p>\n<p>Dirigentes estatales se\u00f1alaron que las reformas impulsadas por el Ejecutivo -relacionadas con la Ley Estatal del Servicio Civil, la Ley Org\u00e1nica del Poder Ejecutivo y la Ley Org\u00e1nica del Poder Judicial- representan un retroceso en derechos laborales y sindicales, pues eliminar\u00edan la pluralidad gremial que actualmente permite a los trabajadores elegir libremente su representaci\u00f3n.<\/p>\n<p><strong>\u201cAtenta contra la libertad sindical\u201d<\/strong><\/p>\n<p>Juan del Gil D\u00edaz, secretario general de la Federaci\u00f3n Estatal de Veracruz, advirti\u00f3 que la propuesta legislativa \u201cencasilla\u201d a los trabajadores en un solo sindicato, anulando su derecho a decidir.<\/p>\n<p>\u201cAfecta la libertad sindical, el derecho del trabajador. Hoy tenemos el derecho de decir \u2018quiero estar en este sindicato\u2019, y con esta propuesta todos quedar\u00edamos obligados a pertenecer a uno solo\u201d, se\u00f1al\u00f3.<\/p>\n<p>El dirigente recalc\u00f3 que cualquier reforma debe discutirse en un proceso abierto, transparente y con participaci\u00f3n real de sindicatos y federaciones, y no mediante acuerdos \u201cen lo oscurito\u201d.<\/p>\n<p>\u201cLas mesas de trabajo no pueden ser un tr\u00e1mite. Queremos que se nos escuche\u201d, advirti\u00f3.<\/p>\n<p><strong>Temor a que la iniciativa se apruebe sin consenso<\/strong><\/p>\n<p>Ante los recientes antecedentes legislativos -como la reforma a la Fiscal\u00eda- el dirigente reconoci\u00f3 que existe preocupaci\u00f3n de que esta propuesta avance sin consulta.<\/p>\n<p>\u201cAs\u00ed como se han dado las cosas, pudiera suceder. Pero ser\u00eda arbitrario y violenta los derechos individuales y colectivos de los trabajadores\u201d, afirm\u00f3.<\/p>\n<p><strong>\u201cNo defendemos privilegios, defendemos a la base trabajadora\u201d<\/strong><\/p>\n<p>Guillermo Caballero de Jes\u00fas, secretario general de la Federaci\u00f3n Regional Xalapa y Municipios Convecinos CAR, subray\u00f3 que el rechazo no obedece a intereses personales de los liderazgos, sino a la defensa de los empleados.<\/p>\n<p>\u201cNo gozamos de privilegios. Estamos aqu\u00ed por la base trabajadora. Ser\u00edan ellos los m\u00e1s afectados\u201d, sostuvo.<\/p>\n<p>Explic\u00f3 que en muchos ayuntamientos existen hasta tres sindicatos, lo que da alternativas a los empleados cuando un gremio no cumple con sus necesidades.<\/p>\n<p>\u201cLa libre sindicalizaci\u00f3n es un derecho. Si no est\u00e1s conforme en un sindicato, vas a otro. Eso no debe desaparecer\u201d, agreg\u00f3.<\/p>\n<p>Caballero record\u00f3 que tan solo en su federaci\u00f3n representan a m\u00e1s de 9 mil 500 trabajadores, quienes se ver\u00edan directamente afectados por la centralizaci\u00f3n sindical.<\/p>\n<p><strong>Piden que las mesas prometidas no sean simb\u00f3licas<\/strong><\/p>\n<p>Aunque el Gobierno estatal anunci\u00f3 la suspensi\u00f3n temporal de la iniciativa y la pr\u00f3xima instalaci\u00f3n de mesas de an\u00e1lisis, los dirigentes denunciaron que no han sido informados ni convocados formalmente.<\/p>\n<p>Juan de Gil D\u00edaz, integrante de la FATEDCAT, insisti\u00f3 en que se requiere di\u00e1logo efectivo.<\/p>\n<p>\u201cPuede haber mesas de trabajo y ser puro tr\u00e1mite. Queremos participaci\u00f3n real, que se escuche la voz de los dirigentes, que es la voz de la gente\u201d, dijo.<\/p>\n<p>Los sindicatos advierten que la reforma contempla:<\/p>\n<p>Un solo sindicato por dependencia<\/p>\n<p>Cancelaci\u00f3n de registros m\u00faltiples<\/p>\n<p>Trasladar el registro sindical al STPSP, quit\u00e1ndolo del Tribunal de Conciliaci\u00f3n y Arbitraje<\/p>\n<p>Unidad sindical y exigencia al Gobierno<\/p>\n<p>Las organizaciones se\u00f1alaron que la unidad demostrada en las protestas recientes responde exclusivamente a la defensa de las libertades laborales.<\/p>\n<p>\u201cEse es el motivo por el cual estamos unidos: defender el derecho del trabajador a estar donde \u00e9l quiera\u201d, afirmaron.<\/p>\n<p>Finalmente, pidieron a la gobernadora, al secretario de Gobierno y a la Junta de Coordinaci\u00f3n Pol\u00edtica respetar la palabra empe\u00f1ada y garantizar un proceso transparente.<\/p>\n<p>\u201cLa mano de obra mueve al Estado. No pueden tomar decisiones sin la base trabajadora\u201d, concluyeron.<\/p>\n<p>Los sindicatos anunciaron que se mantendr\u00e1n vigilantes del proceso legislativo y no descartan nuevas movilizaciones si la iniciativa se impulsa nuevamente sin consenso.<\/p>\n","protected":false},"excerpt":{"rendered":"<p>Dar\u00edo Pale Xalapa, Ver.- Organizaciones sindicales de todo el estado manifestaron su rechazo a la iniciativa del Gobierno de Veracruz que, aseguran, pretende centralizar la vida gremial y limitar la libertad de asociaci\u00f3n al establecer un \u201csindicato \u00fanico\u201d en cada dependencia p\u00fablica. Dirigentes estatales se\u00f1alaron que las reformas impulsadas por el Ejecutivo -relacionadas con la [&hellip;]<\/p>\n","protected":false},"author":2476,"featured_media":73079,"comment_status":"open","ping_status":"open","sticky":false,"template":"","format":"standard","meta":{"_jetpack_memberships_contains_paid_content":false,"footnotes":""},"categories":[2],"tags":[],"class_list":["post-73078","post","type-post","status-publish","format-standard","has-post-thumbnail","hentry","category-estado"],"jetpack_featured_media_url":"https:\/\/encuentroinformativo.com.mx\/wp-content\/uploads\/2025\/11\/IMG-20251126-WA0133.jpg","jetpack_sharing_enabled":true,"jetpack_likes_enabled":true,"amp_enabled":true,"_links":{"self":[{"href":"https:\/\/encuentroinformativo.com.mx\/index.php?rest_route=\/wp\/v2\/posts\/73078","targetHints":{"allow":["GET"]}}],"collection":[{"href":"https:\/\/encuentroinformativo.com.mx\/index.php?rest_route=\/wp\/v2\/posts"}],"about":[{"href":"https:\/\/encuentroinformativo.com.mx\/index.php?rest_route=\/wp\/v2\/types\/post"}],"author":[{"embeddable":true,"href":"https:\/\/encuentroinformativo.com.mx\/index.php?rest_route=\/wp\/v2\/users\/2476"}],"replies":[{"embeddable":true,"href":"https:\/\/encuentroinformativo.com.mx\/index.php?rest_route=%2Fwp%2Fv2%2Fcomments&post=73078"}],"version-history":[{"count":2,"href":"https:\/\/encuentroinformativo.com.mx\/index.php?rest_route=\/wp\/v2\/posts\/73078\/revisions"}],"predecessor-version":[{"id":73081,"href":"https:\/\/encuentroinformativo.com.mx\/index.php?rest_route=\/wp\/v2\/posts\/73078\/revisions\/73081"}],"wp:featuredmedia":[{"embeddable":true,"href":"https:\/\/encuentroinformativo.com.mx\/index.php?rest_route=\/wp\/v2\/media\/73079"}],"wp:attachment":[{"href":"https:\/\/encuentroinformativo.com.mx\/index.php?rest_route=%2Fwp%2Fv2%2Fmedia&parent=73078"}],"wp:term":[{"taxonomy":"category","embeddable":true,"href":"https:\/\/encuentroinformativo.com.mx\/index.php?rest_route=%2Fwp%2Fv2%2Fcategories&post=73078"},{"taxonomy":"post_tag","embeddable":true,"href":"https:\/\/encuentroinformativo.com.mx\/index.php?rest_route=%2Fwp%2Fv2%2Ftags&post=73078"}],"curies":[{"name":"wp","href":"https:\/\/api.w.org\/{rel}","templated":true}]}}