{"id":73085,"date":"2025-11-26T16:21:36","date_gmt":"2025-11-26T22:21:36","guid":{"rendered":"https:\/\/encuentroinformativo.com.mx\/?p=73085"},"modified":"2025-11-26T16:21:36","modified_gmt":"2025-11-26T22:21:36","slug":"se-recupera-actividad-economica-en-el-higo-alcalde","status":"publish","type":"post","link":"https:\/\/encuentroinformativo.com.mx\/?p=73085","title":{"rendered":"Se recupera actividad econ\u00f3mica en El Higo: Alcalde"},"content":{"rendered":"<p><strong>Dar\u00edo Pale<\/strong><\/p>\n<p>Xalapa, Ver.- El municipio de El Higo avanza en su proceso de recuperaci\u00f3n luego de las inundaciones que impactaron a m\u00e1s de 8 mil viviendas y da\u00f1aron los principales cultivos de la regi\u00f3n, inform\u00f3 el alcalde V\u00edctor Manuel de la Garza S\u00e1nchez, quien asegur\u00f3 que la actividad econ\u00f3mica comienza a normalizarse con el inicio de la zafra ca\u00f1era programada para el 8 de diciembre.<\/p>\n<p>De la Garza S\u00e1nchez destac\u00f3 que, pese a la magnitud de la contingencia, la poblaci\u00f3n ha mostrado unidad y solidaridad, permitiendo que el municipio \u201cya est\u00e9 al 100 por ciento de su actividad normal\u201d.<\/p>\n<p>Las lluvias extraordinarias causaron afectaciones severas en la zona huasteca -alto y baja-, impactando a m\u00e1s de 15 municipios.<\/p>\n<p>En El Higo, los da\u00f1os se reflejaron en miles de viviendas anegadas y en la p\u00e9rdida significativa de cultivos, principalmente ca\u00f1a de az\u00facar, el motor econ\u00f3mico local. Tambi\u00e9n resultaron afectados sembrad\u00edos de ma\u00edz.<\/p>\n<p>\u201cNo tengo el n\u00famero exacto de hect\u00e1reas siniestradas porque a\u00fan est\u00e1n en evaluaci\u00f3n, pero s\u00ed habr\u00e1 afectaci\u00f3n en la producci\u00f3n\u201d, se\u00f1al\u00f3 el alcalde.<\/p>\n<p>Agreg\u00f3 que se reuni\u00f3 con autoridades estatales para gestionar apoyos urgentes para los productores.<\/p>\n<p>De la Garza S\u00e1nchez subray\u00f3 que el inicio de la zafra ser\u00e1 clave para la econom\u00eda municipal, pues activar\u00e1 nuevamente el movimiento comercial.<\/p>\n<p>\u201cEl arranque de la zafra reactiva la econom\u00eda, mueve al municipio y nos ayudar\u00e1 a salir m\u00e1s r\u00e1pido de esta contingencia\u201d, afirm\u00f3.<\/p>\n<p>El alcalde reconoci\u00f3 el respaldo de la presidenta de la Rep\u00fablica y de la gobernadora Roc\u00edo Nahle a las familias afectadas.<\/p>\n<p>\u201cEl Higo est\u00e1 de pie gracias al apoyo recibido. Fue un golpe muy fuerte, pero hoy estamos en movimiento normal\u201d, expres\u00f3.<\/p>\n<p>Destaca avances en apoyo a la ni\u00f1ez y programas culturales<\/p>\n<p>A un mes de concluir su gobierno, V\u00edctor Manuel de la Garza S\u00e1nchez dijo sentirse satisfecho con su labor, especialmente con los avances en pol\u00edticas dirigidas a la ni\u00f1ez:<\/p>\n<p>Entrega de uniformes, zapatos y becas.<\/p>\n<p>Talleres gratuitos de danza, arte y cultura.<\/p>\n<p>Impulso al huapango, logrando campeonatos nacionales para ni\u00f1as y ni\u00f1os del municipio.<\/p>\n<p>Participaci\u00f3n de j\u00f3venes en competencias de baile moderno a nivel nacional e internacional.<\/p>\n<p>Programas para sectores vulnerables, incluida la poblaci\u00f3n con discapacidad, \u201cEl Higo se volvi\u00f3 referente en pol\u00edtica p\u00fablica en la Huasteca\u201d, asegur\u00f3.<\/p>\n<p>Al ser cuestionado sobre un reciente caso que involucr\u00f3 el homicidio de una madre y su hijo de 11 a\u00f1os, el alcalde reconoci\u00f3 que la seguridad es un desaf\u00edo, pero afirm\u00f3 que la situaci\u00f3n no es exclusiva del municipio.<\/p>\n<p>Por \u00faltimo coment\u00f3 que, \u201cson hechos aislados. Hemos trabajado coordinadamente con el gobierno federal y estatal. Estuvimos muy pendientes de ese caso y seguimos reforzando la seguridad\u201d.<\/p>\n","protected":false},"excerpt":{"rendered":"<p>Dar\u00edo Pale Xalapa, Ver.- El municipio de El Higo avanza en su proceso de recuperaci\u00f3n luego de las inundaciones que impactaron a m\u00e1s de 8 mil viviendas y da\u00f1aron los principales cultivos de la regi\u00f3n, inform\u00f3 el alcalde V\u00edctor Manuel de la Garza S\u00e1nchez, quien asegur\u00f3 que la actividad econ\u00f3mica comienza a normalizarse con el [&hellip;]<\/p>\n","protected":false},"author":2476,"featured_media":73086,"comment_status":"open","ping_status":"open","sticky":false,"template":"","format":"standard","meta":{"_jetpack_memberships_contains_paid_content":false,"footnotes":""},"categories":[2],"tags":[],"class_list":["post-73085","post","type-post","status-publish","format-standard","has-post-thumbnail","hentry","category-estado"],"jetpack_featured_media_url":"https:\/\/encuentroinformativo.com.mx\/wp-content\/uploads\/2025\/11\/IMG-20251126-WA0282.jpg","jetpack_sharing_enabled":true,"jetpack_likes_enabled":true,"amp_enabled":true,"_links":{"self":[{"href":"https:\/\/encuentroinformativo.com.mx\/index.php?rest_route=\/wp\/v2\/posts\/73085","targetHints":{"allow":["GET"]}}],"collection":[{"href":"https:\/\/encuentroinformativo.com.mx\/index.php?rest_route=\/wp\/v2\/posts"}],"about":[{"href":"https:\/\/encuentroinformativo.com.mx\/index.php?rest_route=\/wp\/v2\/types\/post"}],"author":[{"embeddable":true,"href":"https:\/\/encuentroinformativo.com.mx\/index.php?rest_route=\/wp\/v2\/users\/2476"}],"replies":[{"embeddable":true,"href":"https:\/\/encuentroinformativo.com.mx\/index.php?rest_route=%2Fwp%2Fv2%2Fcomments&post=73085"}],"version-history":[{"count":1,"href":"https:\/\/encuentroinformativo.com.mx\/index.php?rest_route=\/wp\/v2\/posts\/73085\/revisions"}],"predecessor-version":[{"id":73087,"href":"https:\/\/encuentroinformativo.com.mx\/index.php?rest_route=\/wp\/v2\/posts\/73085\/revisions\/73087"}],"wp:featuredmedia":[{"embeddable":true,"href":"https:\/\/encuentroinformativo.com.mx\/index.php?rest_route=\/wp\/v2\/media\/73086"}],"wp:attachment":[{"href":"https:\/\/encuentroinformativo.com.mx\/index.php?rest_route=%2Fwp%2Fv2%2Fmedia&parent=73085"}],"wp:term":[{"taxonomy":"category","embeddable":true,"href":"https:\/\/encuentroinformativo.com.mx\/index.php?rest_route=%2Fwp%2Fv2%2Fcategories&post=73085"},{"taxonomy":"post_tag","embeddable":true,"href":"https:\/\/encuentroinformativo.com.mx\/index.php?rest_route=%2Fwp%2Fv2%2Ftags&post=73085"}],"curies":[{"name":"wp","href":"https:\/\/api.w.org\/{rel}","templated":true}]}}