{"id":73094,"date":"2025-11-27T10:42:08","date_gmt":"2025-11-27T16:42:08","guid":{"rendered":"https:\/\/encuentroinformativo.com.mx\/?p=73094"},"modified":"2025-11-27T10:43:21","modified_gmt":"2025-11-27T16:43:21","slug":"con-apoyo-de-ac-buscaran-mejor-dif-de-medellin","status":"publish","type":"post","link":"https:\/\/encuentroinformativo.com.mx\/?p=73094","title":{"rendered":"Con apoyo de AC buscar\u00e1n mejorar DIF de Medell\u00edn"},"content":{"rendered":"<p><strong>Alejandro \u00c1vila<\/strong><\/p>\n<p>Medell\u00edn de Bravo, Ver.- Con la intenci\u00f3n de mejorar los servicios del DIF Municipal de Medell\u00edn de Bravo, la pr\u00f3xima titular de la dependencia, Jessica Dur\u00e1n, inici\u00f3 un proyecto para trabajar de la mano con las Asociaciones Civiles.<\/p>\n<p>Dur\u00e1n destac\u00f3 que estas alianzas permitir\u00e1n fortalecer programas enfocados en salud, atenci\u00f3n a grupos vulnerables, acompa\u00f1amiento familiar, ni\u00f1ez, discapacidad y adultos mayores, con el objetivo de brindar respuestas m\u00e1s integrales a las necesidades del municipio.<\/p>\n<p>\u201cEl DIF debe ser una instituci\u00f3n cercana, humana y coordinada con las organizaciones que ya realizan una labor invaluable. Nuestro compromiso es sumar esfuerzos y garantizar que las familias medellinenses tengan acceso a apoyos reales y efectivos\u201d, se\u00f1al\u00f3.<\/p>\n<p>Como parte de estos acercamientos, Dur\u00e1n sostuvo una reuni\u00f3n institucional con AMANC Veracruz, organizaci\u00f3n dedicada al acompa\u00f1amiento de ni\u00f1os, ni\u00f1as y adolescentes que enfrentan c\u00e1ncer, donde abordaron posibilidades de colaboraci\u00f3n para asistencia, orientaci\u00f3n y canalizaci\u00f3n de casos que requieran apoyo especializado.<\/p>\n<p>\u201cReconocemos el trabajo solidario de asociaciones como AMANC. La aspiraci\u00f3n es crear una red colaborativa con valores, profesionalismo y amor al servicio\u201d, a\u00f1adi\u00f3.<\/p>\n","protected":false},"excerpt":{"rendered":"<p>Alejandro \u00c1vila Medell\u00edn de Bravo, Ver.- Con la intenci\u00f3n de mejorar los servicios del DIF Municipal de Medell\u00edn de Bravo, la pr\u00f3xima titular de la dependencia, Jessica Dur\u00e1n, inici\u00f3 un proyecto para trabajar de la mano con las Asociaciones Civiles. Dur\u00e1n destac\u00f3 que estas alianzas permitir\u00e1n fortalecer programas enfocados en salud, atenci\u00f3n a grupos vulnerables, [&hellip;]<\/p>\n","protected":false},"author":2476,"featured_media":73095,"comment_status":"open","ping_status":"open","sticky":false,"template":"","format":"standard","meta":{"_jetpack_memberships_contains_paid_content":false,"footnotes":""},"categories":[2],"tags":[],"class_list":["post-73094","post","type-post","status-publish","format-standard","has-post-thumbnail","hentry","category-estado"],"jetpack_featured_media_url":"https:\/\/encuentroinformativo.com.mx\/wp-content\/uploads\/2025\/11\/IMG-20251127-WA00212.jpg","jetpack_sharing_enabled":true,"jetpack_likes_enabled":true,"amp_enabled":true,"_links":{"self":[{"href":"https:\/\/encuentroinformativo.com.mx\/index.php?rest_route=\/wp\/v2\/posts\/73094","targetHints":{"allow":["GET"]}}],"collection":[{"href":"https:\/\/encuentroinformativo.com.mx\/index.php?rest_route=\/wp\/v2\/posts"}],"about":[{"href":"https:\/\/encuentroinformativo.com.mx\/index.php?rest_route=\/wp\/v2\/types\/post"}],"author":[{"embeddable":true,"href":"https:\/\/encuentroinformativo.com.mx\/index.php?rest_route=\/wp\/v2\/users\/2476"}],"replies":[{"embeddable":true,"href":"https:\/\/encuentroinformativo.com.mx\/index.php?rest_route=%2Fwp%2Fv2%2Fcomments&post=73094"}],"version-history":[{"count":2,"href":"https:\/\/encuentroinformativo.com.mx\/index.php?rest_route=\/wp\/v2\/posts\/73094\/revisions"}],"predecessor-version":[{"id":73097,"href":"https:\/\/encuentroinformativo.com.mx\/index.php?rest_route=\/wp\/v2\/posts\/73094\/revisions\/73097"}],"wp:featuredmedia":[{"embeddable":true,"href":"https:\/\/encuentroinformativo.com.mx\/index.php?rest_route=\/wp\/v2\/media\/73095"}],"wp:attachment":[{"href":"https:\/\/encuentroinformativo.com.mx\/index.php?rest_route=%2Fwp%2Fv2%2Fmedia&parent=73094"}],"wp:term":[{"taxonomy":"category","embeddable":true,"href":"https:\/\/encuentroinformativo.com.mx\/index.php?rest_route=%2Fwp%2Fv2%2Fcategories&post=73094"},{"taxonomy":"post_tag","embeddable":true,"href":"https:\/\/encuentroinformativo.com.mx\/index.php?rest_route=%2Fwp%2Fv2%2Ftags&post=73094"}],"curies":[{"name":"wp","href":"https:\/\/api.w.org\/{rel}","templated":true}]}}