{"id":73101,"date":"2025-11-27T11:08:04","date_gmt":"2025-11-27T17:08:04","guid":{"rendered":"https:\/\/encuentroinformativo.com.mx\/?p=73101"},"modified":"2025-11-27T11:08:04","modified_gmt":"2025-11-27T17:08:04","slug":"sigue-conformacion-de-muro-como-partido-politico-antonio-lagunes","status":"publish","type":"post","link":"https:\/\/encuentroinformativo.com.mx\/?p=73101","title":{"rendered":"Sigue conformaci\u00f3n de MURO como partido pol\u00edtico: Antonio Lagunes"},"content":{"rendered":"<p><strong>Dar\u00edo Pale<\/strong><\/p>\n<p>Xalapa, Ver.- El presidente de Muro en Veracruz y tambi\u00e9n l\u00edder nacional de las C\u00e1maras de Enlace Empresariales, Antonio Lagunes Toral, inform\u00f3 que el proceso de asambleas para la conformaci\u00f3n del partido avanza en tiempo y forma, con la expectativa de cerrar el 2025 con 150 reuniones programadas antes del 14 de diciembre y concluir el resto en enero.<\/p>\n<p>Lagunes explic\u00f3 que el Instituto Nacional Electoral les permite trabajar hasta febrero y que la organizaci\u00f3n se encuentra realizando afiliaciones y acuerdos en todo el pa\u00eds. Asegur\u00f3 que, pese a que algunos estados avanzan m\u00e1s r\u00e1pido que otros, lo importante es \u201chacer las cosas bien, con estrategia y sin improvisaciones\u201d.<\/p>\n<p>\u201cEstamos muy seguros y firmes de que vamos a ser partido. Pero, sobre todo, vamos a ser gobierno, porque para ello estamos trabajando\u201d, afirm\u00f3.<\/p>\n<p>Meta en Veracruz: 30 mil afiliados<\/p>\n<p>El dirigente anunci\u00f3 que su compromiso para Veracruz es lograr 30 mil afiliaciones, mientras que la meta nacional es alcanzar 1.5 millones de militantes.<\/p>\n<p>Record\u00f3 que ya cuenta con experiencia en la creaci\u00f3n de partidos, por lo que ahora busca consolidar una organizaci\u00f3n m\u00e1s s\u00f3lida y enfocada en \u201cel bien com\u00fan del pa\u00eds\u201d y del estado.<\/p>\n<p>\u201cNo somos sat\u00e9lites de nadie; somos un partido de centro\u201d. Lagunes rechaz\u00f3 que Muro sea o vaya a convertirse en un partido sat\u00e9lite del gobierno en turno.<\/p>\n<p>\u201cNo vamos a ser sat\u00e9lites. Somos un partido de centro. Queremos la libre propiedad, una democracia total y que las cosas se hagan bien\u201d, se\u00f1al\u00f3.<\/p>\n<p>El dirigente critic\u00f3 los programas asistencialistas que otorgan recursos sin incentivar el trabajo y afirm\u00f3 que la econom\u00eda del pa\u00eds se encuentra estancada, se\u00f1alando las proyecciones de crecimiento de instituciones financieras.<\/p>\n<p>\u201cLa mayor\u00eda de los ciudadanos se quejan de la falta de dinero. La econom\u00eda est\u00e1 al 0.6%, cuando en otros a\u00f1os est\u00e1bamos al 2 o 3%. No se ve la liquidez de antes\u201d, dijo.<\/p>\n<p>Impuestos y reformas al SAT: \u201cBien que formalicen, pero mal si el dinero se va a quienes no trabajan\u201d<\/p>\n<p>Consultado sobre las reformas fiscales y los nuevos impuestos, Lagunes expres\u00f3 que ve positivo que la informalidad sea incorporada al sistema formal, siempre que la recaudaci\u00f3n se utilice de manera correcta para infraestructura y servicios.<\/p>\n<p>Sin embargo, advirti\u00f3 que no est\u00e1 de acuerdo con que se repartan recursos a quienes no trabajan, aunque s\u00ed respalda los apoyos para adultos mayores y becas estudiantiles.<\/p>\n<p>\u201cA los j\u00f3venes hay que ense\u00f1arles a trabajar. El campo est\u00e1 abandonado por los j\u00f3venes. Necesitamos herramientas e innovaci\u00f3n en pol\u00edticas p\u00fablicas\u201d, apunt\u00f3.<\/p>\n<p>\u201cEl problema no son las leyes, sino quienes las aplican\u201d<\/p>\n<p>Sobre la reciente discusi\u00f3n p\u00fablica en torno a nuevas leyes y la situaci\u00f3n del Poder Judicial, Lagunes consider\u00f3 que las normas deben actualizarse, pero el verdadero problema radica en c\u00f3mo las interpretan los funcionarios.<\/p>\n<p>Critic\u00f3 casos recientes de sanciones excesivas y renuncias de jueces y magistrados.<\/p>\n<p>\u201cNo podemos llegar a los extremos. Necesitamos hacer lo correcto, tanto autoridades como ciudadanos. Es momento de recuperar valores y trabajar por la paz y la seguridad del pa\u00eds\u201d, concluy\u00f3.<\/p>\n","protected":false},"excerpt":{"rendered":"<p>Dar\u00edo Pale Xalapa, Ver.- El presidente de Muro en Veracruz y tambi\u00e9n l\u00edder nacional de las C\u00e1maras de Enlace Empresariales, Antonio Lagunes Toral, inform\u00f3 que el proceso de asambleas para la conformaci\u00f3n del partido avanza en tiempo y forma, con la expectativa de cerrar el 2025 con 150 reuniones programadas antes del 14 de diciembre [&hellip;]<\/p>\n","protected":false},"author":2476,"featured_media":73102,"comment_status":"open","ping_status":"open","sticky":false,"template":"","format":"standard","meta":{"_jetpack_memberships_contains_paid_content":false,"footnotes":""},"categories":[2],"tags":[],"class_list":["post-73101","post","type-post","status-publish","format-standard","has-post-thumbnail","hentry","category-estado"],"jetpack_featured_media_url":"https:\/\/encuentroinformativo.com.mx\/wp-content\/uploads\/2025\/11\/IMG-20251127-WA0044.jpg","jetpack_sharing_enabled":true,"jetpack_likes_enabled":true,"amp_enabled":true,"_links":{"self":[{"href":"https:\/\/encuentroinformativo.com.mx\/index.php?rest_route=\/wp\/v2\/posts\/73101","targetHints":{"allow":["GET"]}}],"collection":[{"href":"https:\/\/encuentroinformativo.com.mx\/index.php?rest_route=\/wp\/v2\/posts"}],"about":[{"href":"https:\/\/encuentroinformativo.com.mx\/index.php?rest_route=\/wp\/v2\/types\/post"}],"author":[{"embeddable":true,"href":"https:\/\/encuentroinformativo.com.mx\/index.php?rest_route=\/wp\/v2\/users\/2476"}],"replies":[{"embeddable":true,"href":"https:\/\/encuentroinformativo.com.mx\/index.php?rest_route=%2Fwp%2Fv2%2Fcomments&post=73101"}],"version-history":[{"count":1,"href":"https:\/\/encuentroinformativo.com.mx\/index.php?rest_route=\/wp\/v2\/posts\/73101\/revisions"}],"predecessor-version":[{"id":73103,"href":"https:\/\/encuentroinformativo.com.mx\/index.php?rest_route=\/wp\/v2\/posts\/73101\/revisions\/73103"}],"wp:featuredmedia":[{"embeddable":true,"href":"https:\/\/encuentroinformativo.com.mx\/index.php?rest_route=\/wp\/v2\/media\/73102"}],"wp:attachment":[{"href":"https:\/\/encuentroinformativo.com.mx\/index.php?rest_route=%2Fwp%2Fv2%2Fmedia&parent=73101"}],"wp:term":[{"taxonomy":"category","embeddable":true,"href":"https:\/\/encuentroinformativo.com.mx\/index.php?rest_route=%2Fwp%2Fv2%2Fcategories&post=73101"},{"taxonomy":"post_tag","embeddable":true,"href":"https:\/\/encuentroinformativo.com.mx\/index.php?rest_route=%2Fwp%2Fv2%2Ftags&post=73101"}],"curies":[{"name":"wp","href":"https:\/\/api.w.org\/{rel}","templated":true}]}}