{"id":73104,"date":"2025-11-27T12:47:38","date_gmt":"2025-11-27T18:47:38","guid":{"rendered":"https:\/\/encuentroinformativo.com.mx\/?p=73104"},"modified":"2025-11-27T12:47:38","modified_gmt":"2025-11-27T18:47:38","slug":"sujeto-fallece-al-interior-de-autobus-urbano-en-veracruz-puerto","status":"publish","type":"post","link":"https:\/\/encuentroinformativo.com.mx\/?p=73104","title":{"rendered":"Sujeto fallece al interior de autob\u00fas urbano en Veracruz puerto"},"content":{"rendered":"<p><strong>Alejandro \u00c1vila\u00a0<\/strong><\/p>\n<p>Veracruz, Ver.- Una persona que cumpl\u00eda este jueves 27 de noviembre su 56 aniversario de vida, falleci\u00f3 al interior de un autob\u00fas urbano en el puerto de Veracruz.<\/p>\n<p>El sujeto fue identificado como Virgilio Cruz quien iba a bordo de la unidad 36 de la ruta Chapultepec cuando a la altura de la colonia Primero de Mayo perdi\u00f3 la vida.<\/p>\n<p>Fue a la altura de la calle Pocitos y Alcocer, cuando los pasajeros reportaron las molestias del sujeto y pidieron al conductor parar la unidad para poder llamar al n\u00famero de emergencias 911, sin embargo, la ambulancia tard\u00f3 m\u00e1s de una hora en llegar.<\/p>\n<p>El fallecido iba acompa\u00f1ado de su esposa quien declar\u00f3 que se dirig\u00edan al Instituto Mexicano del Seguro Social para una revisi\u00f3n m\u00e9dica, desafortunadamente ya no pudieron llegar al nosocomio.<\/p>\n","protected":false},"excerpt":{"rendered":"<p>Alejandro \u00c1vila\u00a0 Veracruz, Ver.- Una persona que cumpl\u00eda este jueves 27 de noviembre su 56 aniversario de vida, falleci\u00f3 al interior de un autob\u00fas urbano en el puerto de Veracruz. El sujeto fue identificado como Virgilio Cruz quien iba a bordo de la unidad 36 de la ruta Chapultepec cuando a la altura de la [&hellip;]<\/p>\n","protected":false},"author":2476,"featured_media":73105,"comment_status":"open","ping_status":"open","sticky":false,"template":"","format":"standard","meta":{"_jetpack_memberships_contains_paid_content":false,"footnotes":""},"categories":[14],"tags":[],"class_list":["post-73104","post","type-post","status-publish","format-standard","has-post-thumbnail","hentry","category-policiaca"],"jetpack_featured_media_url":"https:\/\/encuentroinformativo.com.mx\/wp-content\/uploads\/2025\/11\/IMG-20251127-WA0105.jpg","jetpack_sharing_enabled":true,"jetpack_likes_enabled":true,"amp_enabled":true,"_links":{"self":[{"href":"https:\/\/encuentroinformativo.com.mx\/index.php?rest_route=\/wp\/v2\/posts\/73104","targetHints":{"allow":["GET"]}}],"collection":[{"href":"https:\/\/encuentroinformativo.com.mx\/index.php?rest_route=\/wp\/v2\/posts"}],"about":[{"href":"https:\/\/encuentroinformativo.com.mx\/index.php?rest_route=\/wp\/v2\/types\/post"}],"author":[{"embeddable":true,"href":"https:\/\/encuentroinformativo.com.mx\/index.php?rest_route=\/wp\/v2\/users\/2476"}],"replies":[{"embeddable":true,"href":"https:\/\/encuentroinformativo.com.mx\/index.php?rest_route=%2Fwp%2Fv2%2Fcomments&post=73104"}],"version-history":[{"count":1,"href":"https:\/\/encuentroinformativo.com.mx\/index.php?rest_route=\/wp\/v2\/posts\/73104\/revisions"}],"predecessor-version":[{"id":73106,"href":"https:\/\/encuentroinformativo.com.mx\/index.php?rest_route=\/wp\/v2\/posts\/73104\/revisions\/73106"}],"wp:featuredmedia":[{"embeddable":true,"href":"https:\/\/encuentroinformativo.com.mx\/index.php?rest_route=\/wp\/v2\/media\/73105"}],"wp:attachment":[{"href":"https:\/\/encuentroinformativo.com.mx\/index.php?rest_route=%2Fwp%2Fv2%2Fmedia&parent=73104"}],"wp:term":[{"taxonomy":"category","embeddable":true,"href":"https:\/\/encuentroinformativo.com.mx\/index.php?rest_route=%2Fwp%2Fv2%2Fcategories&post=73104"},{"taxonomy":"post_tag","embeddable":true,"href":"https:\/\/encuentroinformativo.com.mx\/index.php?rest_route=%2Fwp%2Fv2%2Ftags&post=73104"}],"curies":[{"name":"wp","href":"https:\/\/api.w.org\/{rel}","templated":true}]}}