{"id":73107,"date":"2025-11-27T13:02:15","date_gmt":"2025-11-27T19:02:15","guid":{"rendered":"https:\/\/encuentroinformativo.com.mx\/?p=73107"},"modified":"2025-11-27T13:02:15","modified_gmt":"2025-11-27T19:02:15","slug":"alista-pc-municipal-operativos-por-peregrinaciones-a-el-dique","status":"publish","type":"post","link":"https:\/\/encuentroinformativo.com.mx\/?p=73107","title":{"rendered":"Alista PC municipal operativos por peregrinaciones a El Dique"},"content":{"rendered":"<p><strong>Dar\u00edo Pale<\/strong><\/p>\n<p>Xalapa, Ver.- La Direcci\u00f3n de Protecci\u00f3n Civil Municipal anunci\u00f3 que participar\u00e1 de manera activa en los operativos por la llegada de peregrinos a la Bas\u00edlica Menor de Nuestra Se\u00f1ora de Guadalupe, ubicada en el tradicional barrio de El Dique, donde se prev\u00e9 una afluencia superior a 20 mil personas durante el 12 de diciembre.<\/p>\n<p>El director de Protecci\u00f3n Civil de Xalapa, Enrique Fonseca Mart\u00ednez, inform\u00f3 que la dependencia brindar\u00e1 apoyo mediante se\u00f1alamientos, abanderamientos y, en caso necesario, una ambulancia para atenci\u00f3n prehospitalaria.<\/p>\n<p>\u201cLo m\u00e1s significativo ser\u00e1n las peregrinaciones al barrio de El Dique. Estaremos muy pendientes con un operativo especial en las inmediaciones\u201d, se\u00f1al\u00f3.<\/p>\n<p>Supervisi\u00f3n a comercios y mitigaci\u00f3n de riesgos<\/p>\n<p>Fonseca Mart\u00ednez indic\u00f3 que tambi\u00e9n se vigilar\u00e1 la instalaci\u00f3n de comercios temporales que se colocan en la zona durante los festejos guadalupanos, con el objetivo de garantizar que operen bajo condiciones seguras.<\/p>\n<p>Se prev\u00e9 que los comerciantes comiencen a instalarse en los primeros d\u00edas de diciembre. Para quienes expenden alimentos, la direcci\u00f3n municipal solicit\u00f3 contar con instalaciones de gas seguras y extintores para responder ante cualquier emergencia.<\/p>\n<p>\u201cTenemos ventas, movimientos y ambulantaje. De manera coordinada con el \u00e1rea de Desarrollo Econ\u00f3mico revisamos que las condiciones sean seguras para mantener una correcta mitigaci\u00f3n de riesgos\u201d, explic\u00f3.<\/p>\n<p>Llamado a peregrinos para acudir con precauci\u00f3n<\/p>\n<p>El titular de Protecci\u00f3n Civil exhort\u00f3 a quienes participar\u00e1n en las peregrinaciones a transitar con cuidado y seguir las recomendaciones emitidas por la autoridad, especialmente al circular por la v\u00eda p\u00fablica.<\/p>\n<p>\u201cPedimos que quienes participen lo hagan bajo condiciones seguras. Al invadir calles y espacios p\u00fablicos, debemos hacerlo con responsabilidad\u201d, agreg\u00f3.<\/p>\n<p>Por \u00faltimo Fonseca reiter\u00f3 que el operativo especial permanecer\u00e1 activo durante todo el periodo de celebraciones guadalupanas para garantizar la seguridad de visitantes, vecinos y comerciantes de la zona de El Dique.<\/p>\n","protected":false},"excerpt":{"rendered":"<p>Dar\u00edo Pale Xalapa, Ver.- La Direcci\u00f3n de Protecci\u00f3n Civil Municipal anunci\u00f3 que participar\u00e1 de manera activa en los operativos por la llegada de peregrinos a la Bas\u00edlica Menor de Nuestra Se\u00f1ora de Guadalupe, ubicada en el tradicional barrio de El Dique, donde se prev\u00e9 una afluencia superior a 20 mil personas durante el 12 de [&hellip;]<\/p>\n","protected":false},"author":2476,"featured_media":61906,"comment_status":"open","ping_status":"open","sticky":false,"template":"","format":"standard","meta":{"_jetpack_memberships_contains_paid_content":false,"footnotes":""},"categories":[3],"tags":[],"class_list":["post-73107","post","type-post","status-publish","format-standard","has-post-thumbnail","hentry","category-xalapa"],"jetpack_featured_media_url":"https:\/\/encuentroinformativo.com.mx\/wp-content\/uploads\/2024\/12\/IMG-20241211-WA00622-scaled.jpg","jetpack_sharing_enabled":true,"jetpack_likes_enabled":true,"amp_enabled":true,"_links":{"self":[{"href":"https:\/\/encuentroinformativo.com.mx\/index.php?rest_route=\/wp\/v2\/posts\/73107","targetHints":{"allow":["GET"]}}],"collection":[{"href":"https:\/\/encuentroinformativo.com.mx\/index.php?rest_route=\/wp\/v2\/posts"}],"about":[{"href":"https:\/\/encuentroinformativo.com.mx\/index.php?rest_route=\/wp\/v2\/types\/post"}],"author":[{"embeddable":true,"href":"https:\/\/encuentroinformativo.com.mx\/index.php?rest_route=\/wp\/v2\/users\/2476"}],"replies":[{"embeddable":true,"href":"https:\/\/encuentroinformativo.com.mx\/index.php?rest_route=%2Fwp%2Fv2%2Fcomments&post=73107"}],"version-history":[{"count":1,"href":"https:\/\/encuentroinformativo.com.mx\/index.php?rest_route=\/wp\/v2\/posts\/73107\/revisions"}],"predecessor-version":[{"id":73108,"href":"https:\/\/encuentroinformativo.com.mx\/index.php?rest_route=\/wp\/v2\/posts\/73107\/revisions\/73108"}],"wp:featuredmedia":[{"embeddable":true,"href":"https:\/\/encuentroinformativo.com.mx\/index.php?rest_route=\/wp\/v2\/media\/61906"}],"wp:attachment":[{"href":"https:\/\/encuentroinformativo.com.mx\/index.php?rest_route=%2Fwp%2Fv2%2Fmedia&parent=73107"}],"wp:term":[{"taxonomy":"category","embeddable":true,"href":"https:\/\/encuentroinformativo.com.mx\/index.php?rest_route=%2Fwp%2Fv2%2Fcategories&post=73107"},{"taxonomy":"post_tag","embeddable":true,"href":"https:\/\/encuentroinformativo.com.mx\/index.php?rest_route=%2Fwp%2Fv2%2Ftags&post=73107"}],"curies":[{"name":"wp","href":"https:\/\/api.w.org\/{rel}","templated":true}]}}