{"id":73109,"date":"2025-11-27T13:16:06","date_gmt":"2025-11-27T19:16:06","guid":{"rendered":"https:\/\/encuentroinformativo.com.mx\/?p=73109"},"modified":"2025-11-27T13:16:06","modified_gmt":"2025-11-27T19:16:06","slug":"joven-da-a-luz-al-interior-de-au-en-medellin-de-bravo","status":"publish","type":"post","link":"https:\/\/encuentroinformativo.com.mx\/?p=73109","title":{"rendered":"Joven da a luz al interior de AU en Medell\u00edn de Bravo"},"content":{"rendered":"<p><strong>Alejandro \u00c1vila<\/strong><\/p>\n<p>Medell\u00edn de Bravo, Ver.- Una situaci\u00f3n inusual sorprendi\u00f3 a pasajeros de Autobuses Unidos (AU) quienes presenciaron el nacimiento de una peque\u00f1a al interior de la unidad en el municipio de Medell\u00edn de Bravo.<\/p>\n<p>Los hechos ocurrieron la ma\u00f1ana de este jueves 27 de noviembre en la localidad Juan Alfaro sobre la carretera La Tinaja &#8211; Veracruz, cuando una joven de 19 a\u00f1os originaria de Cotaxtla comenz\u00f3 con las labores de parto al interior de la unidad.<\/p>\n<p>La unidad 4133, conducida por el C. Ernesto Mart\u00ednez Garc\u00eda, tuvo que detenerse de emergencia cuando la mujer comenz\u00f3 con labores de parto. Pasajeros y el operador alertaron a los servicios de emergencia, quienes acudieron r\u00e1pidamente al lugar.<\/p>\n<p>Param\u00e9dicos de una ambulancia del municipio de Boca del R\u00edo brindaron apoyo inmediato y asistieron el nacimiento; de acuerdo con los primeros reportes, la reci\u00e9n nacida se encuentra en perfectas condiciones junto a su madre, ambas fueron trasladadas posteriormente a un hospital para una revisi\u00f3n m\u00e9dica m\u00e1s completa.<\/p>\n","protected":false},"excerpt":{"rendered":"<p>Alejandro \u00c1vila Medell\u00edn de Bravo, Ver.- Una situaci\u00f3n inusual sorprendi\u00f3 a pasajeros de Autobuses Unidos (AU) quienes presenciaron el nacimiento de una peque\u00f1a al interior de la unidad en el municipio de Medell\u00edn de Bravo. Los hechos ocurrieron la ma\u00f1ana de este jueves 27 de noviembre en la localidad Juan Alfaro sobre la carretera La [&hellip;]<\/p>\n","protected":false},"author":2476,"featured_media":73111,"comment_status":"open","ping_status":"open","sticky":false,"template":"","format":"standard","meta":{"_jetpack_memberships_contains_paid_content":false,"footnotes":""},"categories":[2],"tags":[],"class_list":["post-73109","post","type-post","status-publish","format-standard","has-post-thumbnail","hentry","category-estado"],"jetpack_featured_media_url":"https:\/\/encuentroinformativo.com.mx\/wp-content\/uploads\/2025\/11\/IMG-20251127-WA01082.jpg","jetpack_sharing_enabled":true,"jetpack_likes_enabled":true,"amp_enabled":true,"_links":{"self":[{"href":"https:\/\/encuentroinformativo.com.mx\/index.php?rest_route=\/wp\/v2\/posts\/73109","targetHints":{"allow":["GET"]}}],"collection":[{"href":"https:\/\/encuentroinformativo.com.mx\/index.php?rest_route=\/wp\/v2\/posts"}],"about":[{"href":"https:\/\/encuentroinformativo.com.mx\/index.php?rest_route=\/wp\/v2\/types\/post"}],"author":[{"embeddable":true,"href":"https:\/\/encuentroinformativo.com.mx\/index.php?rest_route=\/wp\/v2\/users\/2476"}],"replies":[{"embeddable":true,"href":"https:\/\/encuentroinformativo.com.mx\/index.php?rest_route=%2Fwp%2Fv2%2Fcomments&post=73109"}],"version-history":[{"count":1,"href":"https:\/\/encuentroinformativo.com.mx\/index.php?rest_route=\/wp\/v2\/posts\/73109\/revisions"}],"predecessor-version":[{"id":73112,"href":"https:\/\/encuentroinformativo.com.mx\/index.php?rest_route=\/wp\/v2\/posts\/73109\/revisions\/73112"}],"wp:featuredmedia":[{"embeddable":true,"href":"https:\/\/encuentroinformativo.com.mx\/index.php?rest_route=\/wp\/v2\/media\/73111"}],"wp:attachment":[{"href":"https:\/\/encuentroinformativo.com.mx\/index.php?rest_route=%2Fwp%2Fv2%2Fmedia&parent=73109"}],"wp:term":[{"taxonomy":"category","embeddable":true,"href":"https:\/\/encuentroinformativo.com.mx\/index.php?rest_route=%2Fwp%2Fv2%2Fcategories&post=73109"},{"taxonomy":"post_tag","embeddable":true,"href":"https:\/\/encuentroinformativo.com.mx\/index.php?rest_route=%2Fwp%2Fv2%2Ftags&post=73109"}],"curies":[{"name":"wp","href":"https:\/\/api.w.org\/{rel}","templated":true}]}}