{"id":73124,"date":"2025-11-28T09:36:50","date_gmt":"2025-11-28T15:36:50","guid":{"rendered":"https:\/\/encuentroinformativo.com.mx\/?p=73124"},"modified":"2025-11-28T09:36:50","modified_gmt":"2025-11-28T15:36:50","slug":"sindicatos-del-magisterio-rechazan-pago-de-nomina-unica","status":"publish","type":"post","link":"https:\/\/encuentroinformativo.com.mx\/?p=73124","title":{"rendered":"Sindicatos del magisterio rechazan pago de n\u00f3mina \u00fanica"},"content":{"rendered":"<p><strong>Dar\u00edo Pale<\/strong><\/p>\n<p>Xalapa, Ver.- La ma\u00f1ana de este viernes, diversos sindicatos del magisterio realizaron la toma de planteles educativos de nivel medio superior y b\u00e1sico en la capital veracruzana y otras regiones del estado, como parte de una protesta estatal contra la implementaci\u00f3n del esquema de pago conocido como N\u00f3mina \u00danica.<\/p>\n<p>Desde antes de las 7:00 horas, trabajadores administrativos y docentes colocaron cadenas, lonas y carteles en los accesos de distintas escuelas para impedir el ingreso de estudiantes y directivos, se\u00f1alando que esta medida afectar\u00eda derechos laborales y generar\u00eda incertidumbre en el proceso de pagos y prestaciones.<\/p>\n<p>En Xalapa, entre los planteles que amanecieron cerrados se encuentran:<br \/>\nEscuela de Bachilleres \u201cAntonio Mar\u00eda de Rivera\u201d, Colegio Preparatorio \u201cJu\u00e1rez\u201d, Art\u00edculo Tercero, Escuela Industrial, as\u00ed como la primaria \u201cFerrer Guardia\u201d, adem\u00e1s de otros centros educativos que se sumaron al paro.<\/p>\n<p>En uno de los puntos de protesta, el docente Alejandro Rivera explic\u00f3 que la acci\u00f3n responde a una convocatoria directa de su sindicato, el cual se mantiene en di\u00e1logo con la Secretar\u00eda de Educaci\u00f3n de Veracruz (SEV).<\/p>\n<p>Detall\u00f3 que las bases permanecen en los planteles a la espera de indicaciones, mientras la dirigencia sostiene una reuni\u00f3n para exigir que el Gobierno estatal d\u00e9 marcha atr\u00e1s a la N\u00f3mina \u00danica.<\/p>\n<p>\u201cEstamos convocados por nuestro sindicato a la toma de planteles. Nuestro sindicato tiene en este momento una reuni\u00f3n en la Secretar\u00eda de Educaci\u00f3n y esperaremos los resultados para ver si seguimos con la toma de las instalaciones o se levantan\u201d, se\u00f1al\u00f3.<\/p>\n<p>Rivera reiter\u00f3 que la instrucci\u00f3n principal es el rechazo total a la N\u00f3mina \u00danica, y que las movilizaciones se mantendr\u00e1n hasta recibir una respuesta favorable. \u201cNo tengo ninguna respuesta\u201d, agreg\u00f3 al ser cuestionado sobre los avances de la mesa de di\u00e1logo<\/p>\n<p>Las protestas se replicaron en m\u00faltiples regiones del estado, donde trabajadores de distintos niveles educativos advirtieron que continuar\u00e1n con las acciones de presi\u00f3n hasta obtener una postura formal por parte de las autoridades educativas.<\/p>\n","protected":false},"excerpt":{"rendered":"<p>Dar\u00edo Pale Xalapa, Ver.- La ma\u00f1ana de este viernes, diversos sindicatos del magisterio realizaron la toma de planteles educativos de nivel medio superior y b\u00e1sico en la capital veracruzana y otras regiones del estado, como parte de una protesta estatal contra la implementaci\u00f3n del esquema de pago conocido como N\u00f3mina \u00danica. Desde antes de las [&hellip;]<\/p>\n","protected":false},"author":2476,"featured_media":73125,"comment_status":"open","ping_status":"open","sticky":false,"template":"","format":"standard","meta":{"_jetpack_memberships_contains_paid_content":false,"footnotes":""},"categories":[3],"tags":[],"class_list":["post-73124","post","type-post","status-publish","format-standard","has-post-thumbnail","hentry","category-xalapa"],"jetpack_featured_media_url":"https:\/\/encuentroinformativo.com.mx\/wp-content\/uploads\/2025\/11\/IMG-20251128-WA0053.jpg","jetpack_sharing_enabled":true,"jetpack_likes_enabled":true,"amp_enabled":true,"_links":{"self":[{"href":"https:\/\/encuentroinformativo.com.mx\/index.php?rest_route=\/wp\/v2\/posts\/73124","targetHints":{"allow":["GET"]}}],"collection":[{"href":"https:\/\/encuentroinformativo.com.mx\/index.php?rest_route=\/wp\/v2\/posts"}],"about":[{"href":"https:\/\/encuentroinformativo.com.mx\/index.php?rest_route=\/wp\/v2\/types\/post"}],"author":[{"embeddable":true,"href":"https:\/\/encuentroinformativo.com.mx\/index.php?rest_route=\/wp\/v2\/users\/2476"}],"replies":[{"embeddable":true,"href":"https:\/\/encuentroinformativo.com.mx\/index.php?rest_route=%2Fwp%2Fv2%2Fcomments&post=73124"}],"version-history":[{"count":1,"href":"https:\/\/encuentroinformativo.com.mx\/index.php?rest_route=\/wp\/v2\/posts\/73124\/revisions"}],"predecessor-version":[{"id":73126,"href":"https:\/\/encuentroinformativo.com.mx\/index.php?rest_route=\/wp\/v2\/posts\/73124\/revisions\/73126"}],"wp:featuredmedia":[{"embeddable":true,"href":"https:\/\/encuentroinformativo.com.mx\/index.php?rest_route=\/wp\/v2\/media\/73125"}],"wp:attachment":[{"href":"https:\/\/encuentroinformativo.com.mx\/index.php?rest_route=%2Fwp%2Fv2%2Fmedia&parent=73124"}],"wp:term":[{"taxonomy":"category","embeddable":true,"href":"https:\/\/encuentroinformativo.com.mx\/index.php?rest_route=%2Fwp%2Fv2%2Fcategories&post=73124"},{"taxonomy":"post_tag","embeddable":true,"href":"https:\/\/encuentroinformativo.com.mx\/index.php?rest_route=%2Fwp%2Fv2%2Ftags&post=73124"}],"curies":[{"name":"wp","href":"https:\/\/api.w.org\/{rel}","templated":true}]}}