{"id":73131,"date":"2025-11-28T13:15:51","date_gmt":"2025-11-28T19:15:51","guid":{"rendered":"https:\/\/encuentroinformativo.com.mx\/?p=73131"},"modified":"2025-11-28T13:15:51","modified_gmt":"2025-11-28T19:15:51","slug":"instalan-colectivos-arbol-de-la-esperanza-en-el-parque-juarez","status":"publish","type":"post","link":"https:\/\/encuentroinformativo.com.mx\/?p=73131","title":{"rendered":"Instalan colectivos \u00c1rbol de la Esperanza en el parque Ju\u00e1rez"},"content":{"rendered":"<p><strong>Dar\u00edo Pale<\/strong><\/p>\n<p>Xalapa, Ver.- Integrantes del Colectivo Familiares Enlace Xalapa realizaron este 28 de noviembre la renovaci\u00f3n anual de las esferas del llamado \u00c1rbol de la Esperanza, ubicado en parque Ju\u00e1rez donde colocan las fotograf\u00edas de sus seres queridos desaparecidos.<\/p>\n<p>Este a\u00f1o, se\u00f1alaron, increment\u00f3 el n\u00famero de esferas, reflejando que la lista de personas no localizadas contin\u00faa creciendo.<\/p>\n<p>Victoria Delgadillo Romero, integrante del colectivo, explic\u00f3 que esta actividad se realiza cada a\u00f1o debido a que las fotograf\u00edas se deterioran, pero sobre todo para mantener visibles los rostros y la memoria de quienes a\u00fan no regresan a casa.<\/p>\n<p>\u201cCada a\u00f1o renovamos las fotos porque se maltratan, pero tambi\u00e9n porque queremos seguir haciendo visibles a nuestros familiares desaparecidos. Hoy somos casi 50 esferas\u201d, dijo.<\/p>\n<p>Crecen las esferas; algunos casos se retiran solo cuando las familias reciben a sus seres queridos<\/p>\n<p>Delgadillo explic\u00f3 que algunas esferas ya no fueron colocadas porque los j\u00f3venes de Palo Gacho, cinco de ellos, fueron recientemente entregados a sus familias. Lo mismo pas\u00f3 con tres casos m\u00e1s localizados hace dos a\u00f1os en la zona de El Castillo.<\/p>\n<p>\u201cLos vamos quitando cuando ya est\u00e1n con sus familias. Ellos ya no est\u00e1n desaparecidos y por eso ya no se ponen\u201d, explic\u00f3.<\/p>\n<p>Aun as\u00ed, el n\u00famero total creci\u00f3, evidenciando la persistencia de la crisis de desapariciones en el estado.<\/p>\n<p style=\"text-align: center;\"><strong>\u201cHoy mi hija cumple 14 a\u00f1os desaparecida\u201d: una fecha marcada por el dolor<\/strong><\/p>\n<p>Para Victoria, la fecha tiene un significado especialmente doloroso: su hija Juneris Citlali Hern\u00e1ndez Delgadillo desapareci\u00f3 el 28 de noviembre de 2011, junto con otros 14 j\u00f3venes.<\/p>\n<p>\u201cHoy mi hija cumple 14 a\u00f1os desaparecida. Es un dolor enorme poner su esfera. Nosotros no tenemos Navidad, ni A\u00f1o Nuevo, ni D\u00eda de las Madres. Para nosotros estas fechas significan pura ausencia\u201d, expres\u00f3.<\/p>\n<p>\u201cMientras Dios me preste vida yo voy a seguir buscando a mi hija. As\u00ed como otras compa\u00f1eras han encontrado a los suyos, yo s\u00e9 que alg\u00fan d\u00eda Dios me va a dar la oportunidad de encontrarla, como est\u00e9, pero encontrarla\u201d.<\/p>\n<p>\u201cLos gobiernos cambian, pero las familias nos quedamos\u201d: postura ante la reforma a la Fiscal\u00eda<\/p>\n<p>Ante los recientes cambios en la Fiscal\u00eda General del Estado, Delgadillo se\u00f1al\u00f3 que los colectivos se mantienen atentos, pero conscientes de que deber\u00e1n continuar trabajando con quien llegue.<\/p>\n<p>\u201cLos gobiernos se van y llegan otros, cambian fiscales, cambian gobernadores\u2026 pero nosotros seguimos aqu\u00ed. Nosotros no nos vamos. Vamos a trabajar con quien est\u00e9 y exigir como siempre\u201d.<\/p>\n<p>Sobre la salida de la fiscal Ver\u00f3nica Hern\u00e1ndez, refiri\u00f3 que para las familias lo esencial es la continuidad de las b\u00fasquedas y carpetas:<\/p>\n<p>\u201cCon la licenciada Ver\u00f3nica est\u00e1bamos trabajando bien; hab\u00eda b\u00fasquedas y avances. Ahora no sabemos qu\u00e9 va a pasar, pero tendremos que seguir trabajando\u201d.<\/p>\n<p style=\"text-align: center;\"><strong>El \u00c1rbol de la Esperanza, un s\u00edmbolo que duele y a la vez sostiene<\/strong><\/p>\n<p>El \u00c1rbol de la Esperanza se mantiene gracias al apoyo del Ayuntamiento de Xalapa y del Gobierno del Estado, quienes facilitaron el espacio y materiales para la colocaci\u00f3n de las esferas.<\/p>\n<p>Para las familias, representa un espacio de memoria y un recordatorio permanente de su lucha cotidiana.<\/p>\n<p>\u201cEs doloroso, pero lo hacemos con todo el amor porque queremos que nadie olvide a nuestros desaparecidos\u201d, finaliz\u00f3 Victoria Delgadillo.<\/p>\n<p><img loading=\"lazy\" decoding=\"async\" class=\"aligncenter size-medium wp-image-73133\" src=\"https:\/\/encuentroinformativo.com.mx\/wp-content\/uploads\/2025\/11\/IMG-20251128-WA0198-300x225.jpg\" alt=\"\" width=\"300\" height=\"225\" srcset=\"https:\/\/encuentroinformativo.com.mx\/wp-content\/uploads\/2025\/11\/IMG-20251128-WA0198-300x225.jpg 300w, https:\/\/encuentroinformativo.com.mx\/wp-content\/uploads\/2025\/11\/IMG-20251128-WA0198-1024x768.jpg 1024w, https:\/\/encuentroinformativo.com.mx\/wp-content\/uploads\/2025\/11\/IMG-20251128-WA0198-768x576.jpg 768w, https:\/\/encuentroinformativo.com.mx\/wp-content\/uploads\/2025\/11\/IMG-20251128-WA0198-1536x1152.jpg 1536w, https:\/\/encuentroinformativo.com.mx\/wp-content\/uploads\/2025\/11\/IMG-20251128-WA0198.jpg 1600w\" sizes=\"auto, (max-width: 300px) 100vw, 300px\" \/><\/p>\n","protected":false},"excerpt":{"rendered":"<p>Dar\u00edo Pale Xalapa, Ver.- Integrantes del Colectivo Familiares Enlace Xalapa realizaron este 28 de noviembre la renovaci\u00f3n anual de las esferas del llamado \u00c1rbol de la Esperanza, ubicado en parque Ju\u00e1rez donde colocan las fotograf\u00edas de sus seres queridos desaparecidos. Este a\u00f1o, se\u00f1alaron, increment\u00f3 el n\u00famero de esferas, reflejando que la lista de personas no [&hellip;]<\/p>\n","protected":false},"author":2476,"featured_media":73132,"comment_status":"open","ping_status":"open","sticky":false,"template":"","format":"standard","meta":{"_jetpack_memberships_contains_paid_content":false,"footnotes":""},"categories":[3],"tags":[],"class_list":["post-73131","post","type-post","status-publish","format-standard","has-post-thumbnail","hentry","category-xalapa"],"jetpack_featured_media_url":"https:\/\/encuentroinformativo.com.mx\/wp-content\/uploads\/2025\/11\/IMG-20251128-WA0152.jpg","jetpack_sharing_enabled":true,"jetpack_likes_enabled":true,"amp_enabled":true,"_links":{"self":[{"href":"https:\/\/encuentroinformativo.com.mx\/index.php?rest_route=\/wp\/v2\/posts\/73131","targetHints":{"allow":["GET"]}}],"collection":[{"href":"https:\/\/encuentroinformativo.com.mx\/index.php?rest_route=\/wp\/v2\/posts"}],"about":[{"href":"https:\/\/encuentroinformativo.com.mx\/index.php?rest_route=\/wp\/v2\/types\/post"}],"author":[{"embeddable":true,"href":"https:\/\/encuentroinformativo.com.mx\/index.php?rest_route=\/wp\/v2\/users\/2476"}],"replies":[{"embeddable":true,"href":"https:\/\/encuentroinformativo.com.mx\/index.php?rest_route=%2Fwp%2Fv2%2Fcomments&post=73131"}],"version-history":[{"count":1,"href":"https:\/\/encuentroinformativo.com.mx\/index.php?rest_route=\/wp\/v2\/posts\/73131\/revisions"}],"predecessor-version":[{"id":73134,"href":"https:\/\/encuentroinformativo.com.mx\/index.php?rest_route=\/wp\/v2\/posts\/73131\/revisions\/73134"}],"wp:featuredmedia":[{"embeddable":true,"href":"https:\/\/encuentroinformativo.com.mx\/index.php?rest_route=\/wp\/v2\/media\/73132"}],"wp:attachment":[{"href":"https:\/\/encuentroinformativo.com.mx\/index.php?rest_route=%2Fwp%2Fv2%2Fmedia&parent=73131"}],"wp:term":[{"taxonomy":"category","embeddable":true,"href":"https:\/\/encuentroinformativo.com.mx\/index.php?rest_route=%2Fwp%2Fv2%2Fcategories&post=73131"},{"taxonomy":"post_tag","embeddable":true,"href":"https:\/\/encuentroinformativo.com.mx\/index.php?rest_route=%2Fwp%2Fv2%2Ftags&post=73131"}],"curies":[{"name":"wp","href":"https:\/\/api.w.org\/{rel}","templated":true}]}}