{"id":73136,"date":"2025-11-28T13:36:09","date_gmt":"2025-11-28T19:36:09","guid":{"rendered":"https:\/\/encuentroinformativo.com.mx\/?p=73136"},"modified":"2025-11-28T13:36:09","modified_gmt":"2025-11-28T19:36:09","slug":"solicitan-colectivos-de-busqueda-personas-con-experiencia-en-la-fiscalia","status":"publish","type":"post","link":"https:\/\/encuentroinformativo.com.mx\/?p=73136","title":{"rendered":"Solicitan Colectivos de B\u00fasqueda personas con experiencia en la Fiscal\u00eda"},"content":{"rendered":"<p><strong>Dar\u00edo Pale<\/strong><\/p>\n<p>Xalapa, Ver.- Con profundo dolor y al mismo tiempo con firmeza, integrantes de colectivos de b\u00fasqueda realizaron la colocaci\u00f3n anual de esferas en el llamado \u201cPino de la Esperanza\u201d, un \u00e1rbol simb\u00f3lico donde colocan las fotograf\u00edas de sus familiares desaparecidos para mantener viva su memoria y exigir justicia.<\/p>\n<p>Mar\u00eda Antonieta Mu\u00f1oz, madre de Guillermo Mu\u00f1oz Rojas, desaparecido el 16 de noviembre de 2011, particip\u00f3 en la actividad y comparti\u00f3 el significado que representa para quienes llevan m\u00e1s de una d\u00e9cada buscando a sus hijos.<\/p>\n<p style=\"text-align: center;\"><strong>\u201cLos traemos a la memoria porque no est\u00e1n, pero siguen con nosotros\u201d<\/strong><\/p>\n<p>Antonieta explic\u00f3 que el colectivo decidi\u00f3 nombrar esta actividad como El Pino de la Esperanza porque su objetivo es recordar y visibilizar la ausencia de quienes no han regresado a casa.<\/p>\n<p>\u201cHacemos esto para traerlos a la memoria, para que est\u00e9n presentes, para que no se nos olviden ni queremos que a la sociedad se le olvide lo que vivimos. No queremos que otras personas pasen por este dolor\u201d, expres\u00f3.<\/p>\n<p>Cada esfera, dijo, guarda los recuerdos y la historia de una madre, un hijo, una esposa o un amigo que contin\u00faa esperando respuestas.<\/p>\n<p>\u201cEs la ausencia que llevamos en el coraz\u00f3n. Para nosotros estas fechas son muy tristes, pero justamente por eso los traemos aqu\u00ed, porque si no los hacemos presentes nosotras mismas, quedan en el olvido.\u201d<\/p>\n<p>Antonieta destac\u00f3 que, adem\u00e1s del dolor, la ceremonia es tambi\u00e9n una forma de agradecer a Dios por haber permitido que sus seres queridos formaran parte de sus vidas, aunque el tiempo junto a ellos haya sido breve.<\/p>\n<p style=\"text-align: center;\"><strong>Preocupaci\u00f3n ante cambios en la Fiscal\u00eda: \u201cPara nosotros es un retroceso\u201d<\/strong><\/p>\n<p>Sobre los cambios recientes en la Fiscal\u00eda General del Estado y la intervenci\u00f3n de la FGR, Antonieta fue contundente: los colectivos sienten incertidumbre y consideran que el proceso ha carecido de transparencia y planeaci\u00f3n.<\/p>\n<p>\u201cNo es que queramos que la fiscal se vaya o se quede. El problema es que estos cambios, sin un protocolo claro, son un retroceso. No se ha designado a alguien con conocimiento de lo que significa trabajar con personas desaparecidas\u201d.<\/p>\n<p>Record\u00f3 que desde la \u00e9poca de la Procuradur\u00eda, pasando por los primeros a\u00f1os de la Fiscal\u00eda, han vivido avances m\u00ednimos y constantes estancamientos:<\/p>\n<p>\u201cSiempre damos vueltas en c\u00edrculo. Ahorita, al poner a alguien sin experiencia al frente, se afecta no solo a los casos de desaparici\u00f3n, sino a toda la instituci\u00f3n\u201d.<\/p>\n<p>Exigi\u00f3 que las familias tengan participaci\u00f3n en la designaci\u00f3n del nuevo titular y que exista una convocatoria transparente que evite nombramientos \u201ca modo\u201d.<\/p>\n<p style=\"text-align: center;\"><strong>14 a\u00f1os de b\u00fasqueda sin descanso<\/strong><\/p>\n<p>Para Mar\u00eda Antonieta, este a\u00f1o se cumplieron 14 a\u00f1os de la desaparici\u00f3n de su hijo Guillermo.<\/p>\n<p>\u201cLa mayor\u00eda de los casos que estamos aqu\u00ed son de 2010, 2011 o llevan 15 a\u00f1os desaparecidos. Es mucho tiempo, pero aqu\u00ed seguimos\u201d.<\/p>\n<p>Record\u00f3 que Guillermo desapareci\u00f3 en Xalapa el 16 de noviembre de 2011, y desde entonces no ha tenido respuestas concretas sobre su caso.<\/p>\n<p style=\"text-align: center;\"><strong>El Pino de la Esperanza, s\u00edmbolo de un duelo que no termina<\/strong><\/p>\n<p>Las familias reiteraron que estas actividades no son un festejo, sino una conmemoraci\u00f3n que les permite honrar la vida y los recuerdos de quienes siguen ausentes.<\/p>\n<p>\u201cEs un acto para que no queden en el olvido. Es un acto de amor, de memoria y de resistencia\u201d.<\/p>\n<p>El pino permanecer\u00e1 expuesto durante la temporada decembrina como recordatorio de la crisis de desapariciones en Veracruz y del trabajo incansable de las familias por encontrar a sus seres queridos.<\/p>\n","protected":false},"excerpt":{"rendered":"<p>Dar\u00edo Pale Xalapa, Ver.- Con profundo dolor y al mismo tiempo con firmeza, integrantes de colectivos de b\u00fasqueda realizaron la colocaci\u00f3n anual de esferas en el llamado \u201cPino de la Esperanza\u201d, un \u00e1rbol simb\u00f3lico donde colocan las fotograf\u00edas de sus familiares desaparecidos para mantener viva su memoria y exigir justicia. Mar\u00eda Antonieta Mu\u00f1oz, madre de [&hellip;]<\/p>\n","protected":false},"author":2476,"featured_media":73137,"comment_status":"open","ping_status":"open","sticky":false,"template":"","format":"standard","meta":{"_jetpack_memberships_contains_paid_content":false,"footnotes":""},"categories":[2],"tags":[],"class_list":["post-73136","post","type-post","status-publish","format-standard","has-post-thumbnail","hentry","category-estado"],"jetpack_featured_media_url":"https:\/\/encuentroinformativo.com.mx\/wp-content\/uploads\/2025\/11\/IMG-20251128-WA0155.jpg","jetpack_sharing_enabled":true,"jetpack_likes_enabled":true,"amp_enabled":true,"_links":{"self":[{"href":"https:\/\/encuentroinformativo.com.mx\/index.php?rest_route=\/wp\/v2\/posts\/73136","targetHints":{"allow":["GET"]}}],"collection":[{"href":"https:\/\/encuentroinformativo.com.mx\/index.php?rest_route=\/wp\/v2\/posts"}],"about":[{"href":"https:\/\/encuentroinformativo.com.mx\/index.php?rest_route=\/wp\/v2\/types\/post"}],"author":[{"embeddable":true,"href":"https:\/\/encuentroinformativo.com.mx\/index.php?rest_route=\/wp\/v2\/users\/2476"}],"replies":[{"embeddable":true,"href":"https:\/\/encuentroinformativo.com.mx\/index.php?rest_route=%2Fwp%2Fv2%2Fcomments&post=73136"}],"version-history":[{"count":1,"href":"https:\/\/encuentroinformativo.com.mx\/index.php?rest_route=\/wp\/v2\/posts\/73136\/revisions"}],"predecessor-version":[{"id":73138,"href":"https:\/\/encuentroinformativo.com.mx\/index.php?rest_route=\/wp\/v2\/posts\/73136\/revisions\/73138"}],"wp:featuredmedia":[{"embeddable":true,"href":"https:\/\/encuentroinformativo.com.mx\/index.php?rest_route=\/wp\/v2\/media\/73137"}],"wp:attachment":[{"href":"https:\/\/encuentroinformativo.com.mx\/index.php?rest_route=%2Fwp%2Fv2%2Fmedia&parent=73136"}],"wp:term":[{"taxonomy":"category","embeddable":true,"href":"https:\/\/encuentroinformativo.com.mx\/index.php?rest_route=%2Fwp%2Fv2%2Fcategories&post=73136"},{"taxonomy":"post_tag","embeddable":true,"href":"https:\/\/encuentroinformativo.com.mx\/index.php?rest_route=%2Fwp%2Fv2%2Ftags&post=73136"}],"curies":[{"name":"wp","href":"https:\/\/api.w.org\/{rel}","templated":true}]}}