{"id":73144,"date":"2025-11-29T15:59:09","date_gmt":"2025-11-29T21:59:09","guid":{"rendered":"https:\/\/encuentroinformativo.com.mx\/?p=73144"},"modified":"2025-11-29T15:59:09","modified_gmt":"2025-11-29T21:59:09","slug":"alcaldes-y-alcaldes-electos-del-sur-de-veracruz-sostienen-reunion-de-trabajo","status":"publish","type":"post","link":"https:\/\/encuentroinformativo.com.mx\/?p=73144","title":{"rendered":"Alcaldes y alcaldes electos del sur de Veracruz sostienen reuni\u00f3n de trabajo\u00a0"},"content":{"rendered":"<p><strong>Jos\u00e9 Vargas<\/strong><\/p>\n<p>Zona Sur, Ver.- Alcaldes en funciones y alcaldes electos de la regi\u00f3n sur de Veracruz llevaron a cabo su primera reuni\u00f3n de trabajo con el prop\u00f3sito de establecer acuerdos y comenzar a trazar la ruta estrat\u00e9gica para las administraciones municipales que iniciar\u00e1n en 2026.<\/p>\n<p>En el encuentro participaron, entre otros, Miguel \u00c1ngel Grajales, Mateo, alcalde electo de Zaragoza; Vladimir Gonz\u00e1lez Mart\u00ednez, alcalde electo de Tatahuicapan; Z\u00f3cimo L\u00f3pez, alcalde electo de Soteapan; Jos\u00e9 Manuel Murrieta Mu\u00f1oz, alcalde electo de Sayula de Alem\u00e1n; as\u00ed como Chago Cort\u00e9s Padua, alcalde electo de Chinameca.<br \/>\nTambi\u00e9n acudieron otros alcaldes electos de diversos municipios de la zona sur del estado.<\/p>\n<p>Los asistentes coincidieron en la necesidad de mantener una coordinaci\u00f3n estrecha desde este momento para fortalecer la gesti\u00f3n municipal, impulsar proyectos regionales y mejorar la atenci\u00f3n a las comunidades.<\/p>\n<p>\u201cHoy tuvimos nuestra primera reuni\u00f3n de alcaldes, un espacio donde comenzamos a trazar las estrategias que guiar\u00e1n el 2026. Estamos unidos, trabajando desde ahora para construir un futuro m\u00e1s fuerte para nuestras comunidades\u201d, se\u00f1alaron al concluir la mesa de di\u00e1logo.<\/p>\n<p>Se anticipa que estos encuentros continuar\u00e1n en los pr\u00f3ximos meses con el fin de consolidar una agenda conjunta que permita gestionar recursos y avanzar en soluciones regionales.<\/p>\n","protected":false},"excerpt":{"rendered":"<p>Jos\u00e9 Vargas Zona Sur, Ver.- Alcaldes en funciones y alcaldes electos de la regi\u00f3n sur de Veracruz llevaron a cabo su primera reuni\u00f3n de trabajo con el prop\u00f3sito de establecer acuerdos y comenzar a trazar la ruta estrat\u00e9gica para las administraciones municipales que iniciar\u00e1n en 2026. En el encuentro participaron, entre otros, Miguel \u00c1ngel Grajales, [&hellip;]<\/p>\n","protected":false},"author":2476,"featured_media":73146,"comment_status":"open","ping_status":"open","sticky":false,"template":"","format":"standard","meta":{"_jetpack_memberships_contains_paid_content":false,"footnotes":""},"categories":[2],"tags":[],"class_list":["post-73144","post","type-post","status-publish","format-standard","has-post-thumbnail","hentry","category-estado"],"jetpack_featured_media_url":"https:\/\/encuentroinformativo.com.mx\/wp-content\/uploads\/2025\/11\/IMG-20251129-WA01032.jpg","jetpack_sharing_enabled":true,"jetpack_likes_enabled":true,"amp_enabled":true,"_links":{"self":[{"href":"https:\/\/encuentroinformativo.com.mx\/index.php?rest_route=\/wp\/v2\/posts\/73144","targetHints":{"allow":["GET"]}}],"collection":[{"href":"https:\/\/encuentroinformativo.com.mx\/index.php?rest_route=\/wp\/v2\/posts"}],"about":[{"href":"https:\/\/encuentroinformativo.com.mx\/index.php?rest_route=\/wp\/v2\/types\/post"}],"author":[{"embeddable":true,"href":"https:\/\/encuentroinformativo.com.mx\/index.php?rest_route=\/wp\/v2\/users\/2476"}],"replies":[{"embeddable":true,"href":"https:\/\/encuentroinformativo.com.mx\/index.php?rest_route=%2Fwp%2Fv2%2Fcomments&post=73144"}],"version-history":[{"count":1,"href":"https:\/\/encuentroinformativo.com.mx\/index.php?rest_route=\/wp\/v2\/posts\/73144\/revisions"}],"predecessor-version":[{"id":73147,"href":"https:\/\/encuentroinformativo.com.mx\/index.php?rest_route=\/wp\/v2\/posts\/73144\/revisions\/73147"}],"wp:featuredmedia":[{"embeddable":true,"href":"https:\/\/encuentroinformativo.com.mx\/index.php?rest_route=\/wp\/v2\/media\/73146"}],"wp:attachment":[{"href":"https:\/\/encuentroinformativo.com.mx\/index.php?rest_route=%2Fwp%2Fv2%2Fmedia&parent=73144"}],"wp:term":[{"taxonomy":"category","embeddable":true,"href":"https:\/\/encuentroinformativo.com.mx\/index.php?rest_route=%2Fwp%2Fv2%2Fcategories&post=73144"},{"taxonomy":"post_tag","embeddable":true,"href":"https:\/\/encuentroinformativo.com.mx\/index.php?rest_route=%2Fwp%2Fv2%2Ftags&post=73144"}],"curies":[{"name":"wp","href":"https:\/\/api.w.org\/{rel}","templated":true}]}}