{"id":73170,"date":"2025-12-01T14:14:58","date_gmt":"2025-12-01T20:14:58","guid":{"rendered":"https:\/\/encuentroinformativo.com.mx\/?p=73170"},"modified":"2025-12-01T14:14:58","modified_gmt":"2025-12-01T20:14:58","slug":"buscan-nuevo-amparo-en-defensa-de-eugenio-bustos","status":"publish","type":"post","link":"https:\/\/encuentroinformativo.com.mx\/?p=73170","title":{"rendered":"Buscan nuevo amparo en defensa de Eugenio Bustos"},"content":{"rendered":"<p><strong>Dar\u00edo Pale<\/strong><\/p>\n<p>Xalapa, Ver.- Integrantes del Frente Nacional de Lucha por el Socialismo (FNLS) y el equipo jur\u00eddico que lleva la defensa de Eugenio Bustos Navarro ofrecieron una conferencia de prensa para informar que este lunes fue presentado un amparo directo ante el Poder Judicial de la Federaci\u00f3n, con el objetivo de revertir la sentencia de 20 a\u00f1os de prisi\u00f3n dictada en su contra.<\/p>\n<p>Los abogados del caso, Sandino Rivero y Leonel Rivero, explicaron que Bustos Navarro, reconocido defensor de derechos humanos incluso por instancias de Naciones Unidas, permanece preso desde hace cuatro a\u00f1os y siete meses en el reclusorio de Coatzacoalcos, pese a que -aseguran- no existe prueba suficiente para acreditar el delito de homicidio por el cual fue condenado.<\/p>\n<p>Detenci\u00f3n basada en hechos de 2008<\/p>\n<p>El abogado Sandino Rivero record\u00f3 que Eugenio Bustos fue detenido en mayo de 2021 por hechos ocurridos en 2008, durante el sexenio de Felipe Calder\u00f3n, y se\u00f1al\u00f3 que la investigaci\u00f3n fue fabricada por la entonces Procuradur\u00eda General de la Rep\u00fablica (PGR).<\/p>\n<p>Detall\u00f3 que la v\u00edctima era un militar en activo, infiltrado en la organizaci\u00f3n social a la que pertenece Bustos Navarro, situaci\u00f3n que fue reconocida por la propia Secretar\u00eda de la Defensa Nacional (Sedena) en oficios remitidos a la averiguaci\u00f3n previa.<\/p>\n<p>Rivero a\u00f1adi\u00f3 que el presidente de la Fiscal\u00eda General de la Rep\u00fablica tambi\u00e9n confirm\u00f3 que el militar fallecido operaba como agente encubierto dentro del FNLS.<\/p>\n<p>Piden interpretaci\u00f3n de la figura del agente encubierto<\/p>\n<p>Uno de los puntos centrales del amparo es solicitar a la Suprema Corte de Justicia de la Naci\u00f3n que atraiga el caso y realice por primera vez una interpretaci\u00f3n constitucional de la figura del agente encubierto, especialmente cuando se trata de infiltraciones a organizaciones sociales defensoras de derechos humanos.<\/p>\n<p>El abogado resalt\u00f3 que la ley de Seguridad Nacional no establece facultades expl\u00edcitas para que el Ej\u00e9rcito infiltre movimientos sociales, y que la ausencia de una regulaci\u00f3n clara viola derechos fundamentales.<\/p>\n<p>Militares infiltrados y precedentes delicados<\/p>\n<p>Por su parte, el abogado Leonel Rivero explic\u00f3 que, de acuerdo con los manuales de inteligencia del Ej\u00e9rcito, las operaciones de infiltraci\u00f3n se dirigen al \u201cenemigo\u201d, lo cual implica que las organizaciones sociales est\u00e1n siendo tratadas como tales.<\/p>\n<p>Record\u00f3 que este caso no es aislado y cit\u00f3 el precedente de los 43 estudiantes de Ayotzinapa, entre los cuales tambi\u00e9n se confirm\u00f3 la presencia de un militar infiltrado.<\/p>\n<p>Rivero insisti\u00f3 en que la Corte debe pronunciarse sobre si las Fuerzas Armadas pueden infiltrar organizaciones sin control judicial y analizar la legalidad de estas pr\u00e1cticas.<\/p>\n<p>El proceso jur\u00eddico<\/p>\n<p>El amparo directo reci\u00e9n presentado deber\u00e1 ser enviado en un plazo de cinco d\u00edas a uno de los dos tribunales colegiados de circuito con sede en Boca del R\u00edo. Dichos tribunales podr\u00e1n, de oficio, solicitar que la Suprema Corte atraiga el caso, o la propia Corte podr\u00e1 hacerlo.<\/p>\n<p>Los abogados afirmaron que continuar\u00e1n impulsando la atracci\u00f3n para que el tema sea revisado a fondo y se establezcan criterios que protejan a las organizaciones sociales ante este tipo de pr\u00e1cticas militares, adem\u00e1s de buscar la libertad de Eugenio Bustos Navarro.<\/p>\n<p>Algunos de sus compa\u00f1eros se trasladaron a la avenida L\u00e1zaro C\u00e1rdenas para bloquear un carril frente Tribunal Superior de Jusficia del Estado de Veracruz (TSJEV), como medida de presi\u00f3n.<\/p>\n<p>En la conferencia tambi\u00e9n estuvo presente el abogado Dami\u00e1n Mart\u00ednez, integrante del equipo legal que da seguimiento al caso.<\/p>\n","protected":false},"excerpt":{"rendered":"<p>Dar\u00edo Pale Xalapa, Ver.- Integrantes del Frente Nacional de Lucha por el Socialismo (FNLS) y el equipo jur\u00eddico que lleva la defensa de Eugenio Bustos Navarro ofrecieron una conferencia de prensa para informar que este lunes fue presentado un amparo directo ante el Poder Judicial de la Federaci\u00f3n, con el objetivo de revertir la sentencia [&hellip;]<\/p>\n","protected":false},"author":2476,"featured_media":73171,"comment_status":"open","ping_status":"open","sticky":false,"template":"","format":"standard","meta":{"_jetpack_memberships_contains_paid_content":false,"footnotes":""},"categories":[2],"tags":[],"class_list":["post-73170","post","type-post","status-publish","format-standard","has-post-thumbnail","hentry","category-estado"],"jetpack_featured_media_url":"https:\/\/encuentroinformativo.com.mx\/wp-content\/uploads\/2025\/12\/IMG-20251201-WA0335.jpg","jetpack_sharing_enabled":true,"jetpack_likes_enabled":true,"amp_enabled":true,"_links":{"self":[{"href":"https:\/\/encuentroinformativo.com.mx\/index.php?rest_route=\/wp\/v2\/posts\/73170","targetHints":{"allow":["GET"]}}],"collection":[{"href":"https:\/\/encuentroinformativo.com.mx\/index.php?rest_route=\/wp\/v2\/posts"}],"about":[{"href":"https:\/\/encuentroinformativo.com.mx\/index.php?rest_route=\/wp\/v2\/types\/post"}],"author":[{"embeddable":true,"href":"https:\/\/encuentroinformativo.com.mx\/index.php?rest_route=\/wp\/v2\/users\/2476"}],"replies":[{"embeddable":true,"href":"https:\/\/encuentroinformativo.com.mx\/index.php?rest_route=%2Fwp%2Fv2%2Fcomments&post=73170"}],"version-history":[{"count":1,"href":"https:\/\/encuentroinformativo.com.mx\/index.php?rest_route=\/wp\/v2\/posts\/73170\/revisions"}],"predecessor-version":[{"id":73172,"href":"https:\/\/encuentroinformativo.com.mx\/index.php?rest_route=\/wp\/v2\/posts\/73170\/revisions\/73172"}],"wp:featuredmedia":[{"embeddable":true,"href":"https:\/\/encuentroinformativo.com.mx\/index.php?rest_route=\/wp\/v2\/media\/73171"}],"wp:attachment":[{"href":"https:\/\/encuentroinformativo.com.mx\/index.php?rest_route=%2Fwp%2Fv2%2Fmedia&parent=73170"}],"wp:term":[{"taxonomy":"category","embeddable":true,"href":"https:\/\/encuentroinformativo.com.mx\/index.php?rest_route=%2Fwp%2Fv2%2Fcategories&post=73170"},{"taxonomy":"post_tag","embeddable":true,"href":"https:\/\/encuentroinformativo.com.mx\/index.php?rest_route=%2Fwp%2Fv2%2Ftags&post=73170"}],"curies":[{"name":"wp","href":"https:\/\/api.w.org\/{rel}","templated":true}]}}